{"id":18052,"date":"2020-08-28T20:15:53","date_gmt":"2020-08-28T23:15:53","guid":{"rendered":"http:\/\/afogadosonline.com.br\/wp\/?p=18052"},"modified":"2020-08-28T20:17:43","modified_gmt":"2020-08-28T23:17:43","slug":"18052","status":"publish","type":"post","link":"https:\/\/afogadosonline.com.br\/index.php\/2020\/08\/28\/18052\/","title":{"rendered":"Pastor preso por desvios no Rio batizou Bolsonaro nas \u00e1guas do rio Jord\u00e3o"},"content":{"rendered":"<p><img fetchpriority=\"high\" decoding=\"async\" class=\"aligncenter\" src=\"https:\/\/cdn-istoe-ssl.akamaized.net\/wp-content\/uploads\/sites\/14\/2020\/08\/jair-batizado-418x235.jpg\" alt=\"Cr\u00e9dito: Reprodu\u00e7\u00e3o\" width=\"495\" height=\"278\" \/><\/p>\n<p style=\"text-align: justify;\"><span style=\"font-size: 14pt;\">O presidente do PSC, Pastor Everaldo, foi preso na manh\u00e3 desta sexta-feira (28), durante a Opera\u00e7\u00e3o Tris in Idem, um desdobramento da Opera\u00e7\u00e3o Placebo, que investiga atos de corrup\u00e7\u00e3o em contratos p\u00fablicos do governo do Rio de Janeiro. Em nota, o PSC informou que o Pastor Everaldo \u201csempre esteve \u00e0 disposi\u00e7\u00e3o de todas as autoridades\u201d.<\/span><\/p>\n<p style=\"text-align: justify;\"><span style=\"font-size: 14pt;\">Em 2016, o pastor foi respons\u00e1vel pelo batismo do ent\u00e3o deputado federal Jair Bolsonaro no Rio Jord\u00e3o, em Jerusal\u00e9m. No mesmo dia, o Senado brasileiro votou pela admissibilidade do impeachment da ent\u00e3o presidente Dilma Rousseff.<\/span><\/p>\n<p style=\"text-align: justify;\"><span style=\"font-size: 14pt;\">Na \u00e9poca, Bolsonaro era filiado ao PSC. Em um v\u00eddeo nas redes sociais, \u00e9 poss\u00edvel ver que a cerim\u00f4nia foi acompanhada de perto por tr\u00eas filhos do atual presidente: o senador Fl\u00e1vio Bolsonaro (Republicanos-RJ), o deputado federal Eduardo Bolsonaro (PSL-SP) e o vereador Carlos Bolsonaro (Republicanos-RJ).<\/span><\/p>\n","protected":false},"excerpt":{"rendered":"<p>O presidente do PSC, Pastor Everaldo, foi preso na manh&atilde; desta sexta-feira (28), durante a Opera&ccedil;&atilde;o Tris in Idem, um desdobramento da Opera&ccedil;&atilde;o Placebo, que investiga atos de corrup&ccedil;&atilde;o em contratos p&uacute;blicos do governo do Rio de Janeiro. Em nota, o PSC informou que o Pastor Everaldo &ldquo;sempre esteve &agrave; disposi&ccedil;&atilde;o de todas as autoridades&rdquo;. &#8230; <a title=\"Pastor preso por desvios no Rio batizou Bolsonaro nas \u00e1guas do rio Jord\u00e3o\" class=\"read-more\" href=\"https:\/\/afogadosonline.com.br\/index.php\/2020\/08\/28\/18052\/\" aria-label=\"Read more about Pastor preso por desvios no Rio batizou Bolsonaro nas \u00e1guas do rio Jord\u00e3o\">Ler mais<\/a><\/p>\n","protected":false},"author":2,"featured_media":0,"comment_status":"open","ping_status":"open","sticky":false,"template":"","format":"standard","meta":{"footnotes":""},"categories":[2],"tags":[],"class_list":["post-18052","post","type-post","status-publish","format-standard","hentry","category-uncategorised"],"_links":{"self":[{"href":"https:\/\/afogadosonline.com.br\/index.php\/wp-json\/wp\/v2\/posts\/18052"}],"collection":[{"href":"https:\/\/afogadosonline.com.br\/index.php\/wp-json\/wp\/v2\/posts"}],"about":[{"href":"https:\/\/afogadosonline.com.br\/index.php\/wp-json\/wp\/v2\/types\/post"}],"author":[{"embeddable":true,"href":"https:\/\/afogadosonline.com.br\/index.php\/wp-json\/wp\/v2\/users\/2"}],"replies":[{"embeddable":true,"href":"https:\/\/afogadosonline.com.br\/index.php\/wp-json\/wp\/v2\/comments?post=18052"}],"version-history":[{"count":2,"href":"https:\/\/afogadosonline.com.br\/index.php\/wp-json\/wp\/v2\/posts\/18052\/revisions"}],"predecessor-version":[{"id":18054,"href":"https:\/\/afogadosonline.com.br\/index.php\/wp-json\/wp\/v2\/posts\/18052\/revisions\/18054"}],"wp:attachment":[{"href":"https:\/\/afogadosonline.com.br\/index.php\/wp-json\/wp\/v2\/media?parent=18052"}],"wp:term":[{"taxonomy":"category","embeddable":true,"href":"https:\/\/afogadosonline.com.br\/index.php\/wp-json\/wp\/v2\/categories?post=18052"},{"taxonomy":"post_tag","embeddable":true,"href":"https:\/\/afogadosonline.com.br\/index.php\/wp-json\/wp\/v2\/tags?post=18052"}],"curies":[{"name":"wp","href":"https:\/\/api.w.org\/{rel}","templated":true}]}}