{"id":18048,"date":"2020-08-28T20:02:16","date_gmt":"2020-08-28T23:02:16","guid":{"rendered":"http:\/\/afogadosonline.com.br\/wp\/?p=18048"},"modified":"2020-08-28T20:02:16","modified_gmt":"2020-08-28T23:02:16","slug":"banco-central-informa-ao-stf-que-nota-de-r-200-sera-lancada-no-dia-2-de-setembro","status":"publish","type":"post","link":"https:\/\/afogadosonline.com.br\/index.php\/2020\/08\/28\/banco-central-informa-ao-stf-que-nota-de-r-200-sera-lancada-no-dia-2-de-setembro\/","title":{"rendered":"Banco Central informa ao STF que nota de R$ 200 ser\u00e1 lan\u00e7ada no dia 2 de setembro"},"content":{"rendered":"<p><img fetchpriority=\"high\" decoding=\"async\" class=\"aligncenter\" src=\"https:\/\/imagens.ne10.uol.com.br\/veiculos\/_midias\/jpg\/2020\/07\/29\/806x444\/1_eehcu4exsaeguij-16452835.jpg?20200828193245\" alt=\"DIVULGA\u00c7\u00c3O\/BANCO CENTRAL\" width=\"495\" height=\"272\" \/><\/p>\n<p style=\"text-align: justify;\"><span style=\"font-size: 14pt;\">O Banco Central informou ao Supremo Tribunal Federal (STF) que a nota de R$ 200, anunciada no final do m\u00eas de julho e que ser\u00e1 estampada pelo lobo-guar\u00e1, ser\u00e1 lan\u00e7ada na pr\u00f3xima quarta-feira (2). A Corte foi informada da data de lan\u00e7amento por conta de uma Argui\u00e7\u00e3o de Descumprimento de Preceito Fundamental (ADPF) movida pelos partidos PSB, Rede Sustentabilidade e Podemos, que s\u00e3o contra a produ\u00e7\u00e3o e lan\u00e7amento da nota. O argumento \u00e9 que a circula\u00e7\u00e3o da nova c\u00e9dula pode facilitar a criminalidade e a pr\u00e1tica de lavagem de dinheiro.<\/span><\/p>\n<p style=\"text-align: justify;\"><span style=\"font-size: 14pt;\">No entanto, o presidente do BC, Roberto Campos Neto, afirma que a suspens\u00e3o causaria &#8220;s\u00e9rio preju\u00edzo&#8221; ao Banco Central e \u00e0 sociedade. Segundo ele, 7,2 milh\u00f5es de c\u00e9dulas j\u00e1 foram entregues a Casa da Moeda, e que a expectativa \u00e9 que sejam entregues 20 milh\u00f5es at\u00e9 o dia 2 de setembro. O total do custo do primeiro lote ser\u00e1 R$ 6,5 milh\u00f5es.<\/span><\/p>\n","protected":false},"excerpt":{"rendered":"<p>O Banco Central informou ao Supremo Tribunal Federal (STF) que a nota de R$ 200, anunciada no final do m&ecirc;s de julho e que ser&aacute; estampada pelo lobo-guar&aacute;, ser&aacute; lan&ccedil;ada na pr&oacute;xima quarta-feira (2). A Corte foi informada da data de lan&ccedil;amento por conta de uma Argui&ccedil;&atilde;o de Descumprimento de Preceito Fundamental (ADPF) movida pelos &#8230; <a title=\"Banco Central informa ao STF que nota de R$ 200 ser\u00e1 lan\u00e7ada no dia 2 de setembro\" class=\"read-more\" href=\"https:\/\/afogadosonline.com.br\/index.php\/2020\/08\/28\/banco-central-informa-ao-stf-que-nota-de-r-200-sera-lancada-no-dia-2-de-setembro\/\" aria-label=\"Read more about Banco Central informa ao STF que nota de R$ 200 ser\u00e1 lan\u00e7ada no dia 2 de setembro\">Ler mais<\/a><\/p>\n","protected":false},"author":2,"featured_media":0,"comment_status":"open","ping_status":"open","sticky":false,"template":"","format":"standard","meta":{"footnotes":""},"categories":[2],"tags":[],"class_list":["post-18048","post","type-post","status-publish","format-standard","hentry","category-uncategorised"],"_links":{"self":[{"href":"https:\/\/afogadosonline.com.br\/index.php\/wp-json\/wp\/v2\/posts\/18048"}],"collection":[{"href":"https:\/\/afogadosonline.com.br\/index.php\/wp-json\/wp\/v2\/posts"}],"about":[{"href":"https:\/\/afogadosonline.com.br\/index.php\/wp-json\/wp\/v2\/types\/post"}],"author":[{"embeddable":true,"href":"https:\/\/afogadosonline.com.br\/index.php\/wp-json\/wp\/v2\/users\/2"}],"replies":[{"embeddable":true,"href":"https:\/\/afogadosonline.com.br\/index.php\/wp-json\/wp\/v2\/comments?post=18048"}],"version-history":[{"count":1,"href":"https:\/\/afogadosonline.com.br\/index.php\/wp-json\/wp\/v2\/posts\/18048\/revisions"}],"predecessor-version":[{"id":18049,"href":"https:\/\/afogadosonline.com.br\/index.php\/wp-json\/wp\/v2\/posts\/18048\/revisions\/18049"}],"wp:attachment":[{"href":"https:\/\/afogadosonline.com.br\/index.php\/wp-json\/wp\/v2\/media?parent=18048"}],"wp:term":[{"taxonomy":"category","embeddable":true,"href":"https:\/\/afogadosonline.com.br\/index.php\/wp-json\/wp\/v2\/categories?post=18048"},{"taxonomy":"post_tag","embeddable":true,"href":"https:\/\/afogadosonline.com.br\/index.php\/wp-json\/wp\/v2\/tags?post=18048"}],"curies":[{"name":"wp","href":"https:\/\/api.w.org\/{rel}","templated":true}]}}