{"id":17700,"date":"2020-08-27T16:54:18","date_gmt":"2020-08-27T19:54:18","guid":{"rendered":"http:\/\/afogadosonline.com.br\/wp\/?p=17700"},"modified":"2020-08-27T16:54:18","modified_gmt":"2020-08-27T19:54:18","slug":"afogados-anuncia-adelmo-soares-como-novo-tecnico-para-disputar-a-serie-d-do-brasileirao","status":"publish","type":"post","link":"https:\/\/afogadosonline.com.br\/index.php\/2020\/08\/27\/afogados-anuncia-adelmo-soares-como-novo-tecnico-para-disputar-a-serie-d-do-brasileirao\/","title":{"rendered":"Afogados anuncia Adelmo Soares como novo t\u00e9cnico para disputar a S\u00e9rie D do Brasileir\u00e3o"},"content":{"rendered":"<p><img fetchpriority=\"high\" decoding=\"async\" class=\"aligncenter\" src=\"https:\/\/s2.glbimg.com\/cRYpJHnLda_HgE_264b0xHYcaT0=\/0x0:3456x2304\/984x0\/smart\/filters:strip_icc()\/i.s3.glbimg.com\/v1\/AUTH_bc8228b6673f488aa253bbcb03c80ec5\/internal_photos\/bs\/2019\/l\/V\/YqA1dUS4u9u7bjLrcmRA\/img-0644.jpg\" alt=\"Nilson deixa comando e Adelmo Soares \u00e9 o novo t\u00e9cnico do Fla de Arcoverde |  flamengo de arcoverde | ge\" width=\"495\" height=\"330\" \/><\/p>\n<p style=\"text-align: justify;\"><span style=\"font-size: 14pt;\">Agindo r\u00e1pido ap\u00f3s demitir o t\u00e9cnico Pedro Manta, depois da elimina\u00e7\u00e3o para a Ponte Preta na terceira fase da Copa do Brasil, o Afogados da Ingazeira anunciou a contrata\u00e7\u00e3o de Adelmo Soares como novo treinador que comandar\u00e1 a equipe na Disputa da S\u00e9rie D do Campeonato Brasileiro.<\/span><\/p>\n<p style=\"text-align: justify;\"><span style=\"font-size: 14pt;\">Adelmo Soares tem 59 anos e estava no comando do Picos-PI, clube onde conquistou a S\u00e9rie A2 do estadual no ano passado. Na primeira divis\u00e3o, este ano, ele disputou dez jogos na equipe piauiense, somando seis vit\u00f3rias, dois empates e duas derrotas, deixando a equipe na vice-lideran\u00e7a &#8211; campeonato piauiense deve ser retomado em novembro.<\/span><\/p>\n<p style=\"text-align: justify;\"><span style=\"font-size: 14pt;\">O novo comandante da Coruja tem uma longa carreira por clubes do Nordeste, inclusive Pernambuco, onde treinou 1\u00ba de Maio, Ypiranga, Porto e Central, al\u00e9m de equipes do Cear\u00e1, Alagoas e Para\u00edba.<\/span><\/p>\n<p style=\"text-align: justify;\"><span style=\"font-size: 14pt;\">O Afogados anunciou ainda que tr\u00eas jogadores pediram desligamento do elenco: o lateral-esquerdo Thalison, o zagueiro Ot\u00e1vio e o meia Erivelton.<\/span><\/p>\n","protected":false},"excerpt":{"rendered":"<p>Agindo r&aacute;pido ap&oacute;s demitir o t&eacute;cnico Pedro Manta, depois da elimina&ccedil;&atilde;o para a Ponte Preta na terceira fase da Copa do Brasil, o Afogados da Ingazeira anunciou a contrata&ccedil;&atilde;o de Adelmo Soares como novo treinador que comandar&aacute; a equipe na Disputa da S&eacute;rie D do Campeonato Brasileiro. Adelmo Soares tem 59 anos e estava no &#8230; <a title=\"Afogados anuncia Adelmo Soares como novo t\u00e9cnico para disputar a S\u00e9rie D do Brasileir\u00e3o\" class=\"read-more\" href=\"https:\/\/afogadosonline.com.br\/index.php\/2020\/08\/27\/afogados-anuncia-adelmo-soares-como-novo-tecnico-para-disputar-a-serie-d-do-brasileirao\/\" aria-label=\"Read more about Afogados anuncia Adelmo Soares como novo t\u00e9cnico para disputar a S\u00e9rie D do Brasileir\u00e3o\">Ler mais<\/a><\/p>\n","protected":false},"author":2,"featured_media":0,"comment_status":"open","ping_status":"open","sticky":false,"template":"","format":"standard","meta":{"footnotes":""},"categories":[2],"tags":[],"class_list":["post-17700","post","type-post","status-publish","format-standard","hentry","category-uncategorised"],"_links":{"self":[{"href":"https:\/\/afogadosonline.com.br\/index.php\/wp-json\/wp\/v2\/posts\/17700"}],"collection":[{"href":"https:\/\/afogadosonline.com.br\/index.php\/wp-json\/wp\/v2\/posts"}],"about":[{"href":"https:\/\/afogadosonline.com.br\/index.php\/wp-json\/wp\/v2\/types\/post"}],"author":[{"embeddable":true,"href":"https:\/\/afogadosonline.com.br\/index.php\/wp-json\/wp\/v2\/users\/2"}],"replies":[{"embeddable":true,"href":"https:\/\/afogadosonline.com.br\/index.php\/wp-json\/wp\/v2\/comments?post=17700"}],"version-history":[{"count":1,"href":"https:\/\/afogadosonline.com.br\/index.php\/wp-json\/wp\/v2\/posts\/17700\/revisions"}],"predecessor-version":[{"id":17701,"href":"https:\/\/afogadosonline.com.br\/index.php\/wp-json\/wp\/v2\/posts\/17700\/revisions\/17701"}],"wp:attachment":[{"href":"https:\/\/afogadosonline.com.br\/index.php\/wp-json\/wp\/v2\/media?parent=17700"}],"wp:term":[{"taxonomy":"category","embeddable":true,"href":"https:\/\/afogadosonline.com.br\/index.php\/wp-json\/wp\/v2\/categories?post=17700"},{"taxonomy":"post_tag","embeddable":true,"href":"https:\/\/afogadosonline.com.br\/index.php\/wp-json\/wp\/v2\/tags?post=17700"}],"curies":[{"name":"wp","href":"https:\/\/api.w.org\/{rel}","templated":true}]}}