{"id":17690,"date":"2020-08-26T22:35:35","date_gmt":"2020-08-27T01:35:35","guid":{"rendered":"http:\/\/afogadosonline.com.br\/wp\/?p=17690"},"modified":"2020-08-26T22:35:35","modified_gmt":"2020-08-27T01:35:35","slug":"pt-do-recife-marca-convencao-para-o-dia-16-de-setembro","status":"publish","type":"post","link":"https:\/\/afogadosonline.com.br\/index.php\/2020\/08\/26\/pt-do-recife-marca-convencao-para-o-dia-16-de-setembro\/","title":{"rendered":"PT do Recife marca conven\u00e7\u00e3o para o dia 16 de setembro"},"content":{"rendered":"<p><img fetchpriority=\"high\" decoding=\"async\" class=\"aligncenter\" src=\"https:\/\/i2.wp.com\/www.radiopajeu.com.br\/portal\/wp-content\/uploads\/2017\/06\/MariliaArraes-09-06-17.jpg?fit=800%2C533&amp;ssl=1\" alt=\"Milton Coelho e Mar\u00edlia Arraes viram not\u00edcia por den\u00fancias de peculato | R\u00e1dio  Paje\u00fa\" width=\"498\" height=\"332\" \/><\/p>\n<p style=\"text-align: justify;\"><span style=\"font-size: 14pt;\">A executiva municipal do Partido dos Trabalhadores (PT) marcou a sua conven\u00e7\u00e3o para 16 de setembro, \u00faltimo dia permitido pela legisla\u00e7\u00e3o eleitoral para a realiza\u00e7\u00e3o deste evento que indica quem s\u00e3o os candidatos majorit\u00e1rios que v\u00e3o disputar a pr\u00f3xima elei\u00e7\u00e3o. A pr\u00e9-candidata da legenda \u00e9 a deputada federal Mar\u00edlia Arraes, neta do ex-governador Miguel Arraes. &#8220;Esse foi o tempo que achamos necess\u00e1rio pra organizarmos o evento que ser\u00e1 por videoconfer\u00eancia. Tamb\u00e9m estamos analisando qual a melhor infraestrutura a ser usada&#8221;, disse o presidente do PT no Recife, Cirilo Mota. Entre os partidos, \u00e9 uma pr\u00e1tica comum a realiza\u00e7\u00e3o das conven\u00e7\u00f5es no \u00faltimos dia para ter mais tempo nas conversas que v\u00e3o definir outros cargos, como o de vice-prefeito.<\/span><\/p>\n<p style=\"text-align: justify;\"><span style=\"font-size: 14pt;\">A pr\u00f3xima conven\u00e7\u00e3o do PT no Recife s\u00f3 ter\u00e1 1% dos participantes presencialmente na conven\u00e7\u00e3o. &#8220;Os 99% restantes v\u00e3o acompanhar on line. A elei\u00e7\u00e3o deste ano vai ter um formato muito digital&#8221;, explicou Cirilo. Antes da pandemia, as conven\u00e7\u00f5es funcionavam como a primeira grande festa de lan\u00e7amento de uma candidatura. Mas as aglomera\u00e7\u00f5es est\u00e3o proibidas pra evitar a transmiss\u00e3o do coronav\u00edrus. Somente na capital pernambucana, o PT tem mais de 100 mil filiados.<\/span><\/p>\n","protected":false},"excerpt":{"rendered":"<p>A executiva municipal do Partido dos Trabalhadores (PT) marcou a sua conven&ccedil;&atilde;o para 16 de setembro, &uacute;ltimo dia permitido pela legisla&ccedil;&atilde;o eleitoral para a realiza&ccedil;&atilde;o deste evento que indica quem s&atilde;o os candidatos majorit&aacute;rios que v&atilde;o disputar a pr&oacute;xima elei&ccedil;&atilde;o. A pr&eacute;-candidata da legenda &eacute; a deputada federal Mar&iacute;lia Arraes, neta do ex-governador Miguel Arraes. &#8230; <a title=\"PT do Recife marca conven\u00e7\u00e3o para o dia 16 de setembro\" class=\"read-more\" href=\"https:\/\/afogadosonline.com.br\/index.php\/2020\/08\/26\/pt-do-recife-marca-convencao-para-o-dia-16-de-setembro\/\" aria-label=\"Read more about PT do Recife marca conven\u00e7\u00e3o para o dia 16 de setembro\">Ler mais<\/a><\/p>\n","protected":false},"author":2,"featured_media":0,"comment_status":"open","ping_status":"open","sticky":false,"template":"","format":"standard","meta":{"footnotes":""},"categories":[2],"tags":[],"class_list":["post-17690","post","type-post","status-publish","format-standard","hentry","category-uncategorised"],"_links":{"self":[{"href":"https:\/\/afogadosonline.com.br\/index.php\/wp-json\/wp\/v2\/posts\/17690"}],"collection":[{"href":"https:\/\/afogadosonline.com.br\/index.php\/wp-json\/wp\/v2\/posts"}],"about":[{"href":"https:\/\/afogadosonline.com.br\/index.php\/wp-json\/wp\/v2\/types\/post"}],"author":[{"embeddable":true,"href":"https:\/\/afogadosonline.com.br\/index.php\/wp-json\/wp\/v2\/users\/2"}],"replies":[{"embeddable":true,"href":"https:\/\/afogadosonline.com.br\/index.php\/wp-json\/wp\/v2\/comments?post=17690"}],"version-history":[{"count":1,"href":"https:\/\/afogadosonline.com.br\/index.php\/wp-json\/wp\/v2\/posts\/17690\/revisions"}],"predecessor-version":[{"id":17691,"href":"https:\/\/afogadosonline.com.br\/index.php\/wp-json\/wp\/v2\/posts\/17690\/revisions\/17691"}],"wp:attachment":[{"href":"https:\/\/afogadosonline.com.br\/index.php\/wp-json\/wp\/v2\/media?parent=17690"}],"wp:term":[{"taxonomy":"category","embeddable":true,"href":"https:\/\/afogadosonline.com.br\/index.php\/wp-json\/wp\/v2\/categories?post=17690"},{"taxonomy":"post_tag","embeddable":true,"href":"https:\/\/afogadosonline.com.br\/index.php\/wp-json\/wp\/v2\/tags?post=17690"}],"curies":[{"name":"wp","href":"https:\/\/api.w.org\/{rel}","templated":true}]}}