{"id":17653,"date":"2020-08-26T18:23:37","date_gmt":"2020-08-26T21:23:37","guid":{"rendered":"http:\/\/afogadosonline.com.br\/wp\/?p=17653"},"modified":"2020-08-26T18:23:37","modified_gmt":"2020-08-26T21:23:37","slug":"perda-de-olfato-foi-sentida-por-80-dos-pacientes-com-covid-19-aponta-pesquisa","status":"publish","type":"post","link":"https:\/\/afogadosonline.com.br\/index.php\/2020\/08\/26\/perda-de-olfato-foi-sentida-por-80-dos-pacientes-com-covid-19-aponta-pesquisa\/","title":{"rendered":"Perda de olfato foi sentida por 80% dos pacientes com covid-19, aponta pesquisa"},"content":{"rendered":"<p><img fetchpriority=\"high\" decoding=\"async\" class=\"aligncenter\" src=\"https:\/\/conteudo.imguol.com.br\/c\/noticias\/66\/2020\/03\/30\/perda-de-olfato-e-do-paladar-e-um-dos-sintomas-da-covid-19-1585594214707_v2_750x421.jpg\" alt=\"Coronav\u00edrus: cientistas de Harvard explicam perda de olfato devido\" width=\"495\" height=\"278\" \/><\/p>\n<p style=\"text-align: justify;\"><span style=\"font-size: 14pt;\">Mesmo sem outros sintomas, pessoas que foram infectadas pela covid-19 conseguem perceber a doen\u00e7a com a perda de olfato. Como j\u00e1 conhecido, deixar de sentir cheiros \u00e9 uma das caracter\u00edsticas de quem adquiriu o novo coronav\u00edrus. Segundo uma pesquisa do Hospital das Cl\u00ednicas da Universidade de S\u00e3o Paulo (USP) conduzida com 650 pessoas que tiveram o novo coronav\u00edrus, 80% relataram perda total ou parcial da capacidade de sentir cheiro no surgimento dos sintomas.<\/span><\/p>\n<p style=\"text-align: justify;\"><span style=\"font-size: 14pt;\">A perda de olfato tem a ver com receptores que existem no nariz, em portugu\u00eas s\u00e3o chamados de enzima conversora da angiotensina que em contato com o novo coronav\u00edrus iniciam um processo inflamat\u00f3rio.<\/span><\/p>\n","protected":false},"excerpt":{"rendered":"<p>Mesmo sem outros sintomas, pessoas que foram infectadas pela covid-19 conseguem perceber a doen&ccedil;a com a perda de olfato. Como j&aacute; conhecido, deixar de sentir cheiros &eacute; uma das caracter&iacute;sticas de quem adquiriu o novo coronav&iacute;rus. Segundo uma pesquisa do Hospital das Cl&iacute;nicas da Universidade de S&atilde;o Paulo (USP) conduzida com 650 pessoas que tiveram &#8230; <a title=\"Perda de olfato foi sentida por 80% dos pacientes com covid-19, aponta pesquisa\" class=\"read-more\" href=\"https:\/\/afogadosonline.com.br\/index.php\/2020\/08\/26\/perda-de-olfato-foi-sentida-por-80-dos-pacientes-com-covid-19-aponta-pesquisa\/\" aria-label=\"Read more about Perda de olfato foi sentida por 80% dos pacientes com covid-19, aponta pesquisa\">Ler mais<\/a><\/p>\n","protected":false},"author":2,"featured_media":0,"comment_status":"open","ping_status":"open","sticky":false,"template":"","format":"standard","meta":{"footnotes":""},"categories":[2],"tags":[],"class_list":["post-17653","post","type-post","status-publish","format-standard","hentry","category-uncategorised"],"_links":{"self":[{"href":"https:\/\/afogadosonline.com.br\/index.php\/wp-json\/wp\/v2\/posts\/17653"}],"collection":[{"href":"https:\/\/afogadosonline.com.br\/index.php\/wp-json\/wp\/v2\/posts"}],"about":[{"href":"https:\/\/afogadosonline.com.br\/index.php\/wp-json\/wp\/v2\/types\/post"}],"author":[{"embeddable":true,"href":"https:\/\/afogadosonline.com.br\/index.php\/wp-json\/wp\/v2\/users\/2"}],"replies":[{"embeddable":true,"href":"https:\/\/afogadosonline.com.br\/index.php\/wp-json\/wp\/v2\/comments?post=17653"}],"version-history":[{"count":1,"href":"https:\/\/afogadosonline.com.br\/index.php\/wp-json\/wp\/v2\/posts\/17653\/revisions"}],"predecessor-version":[{"id":17654,"href":"https:\/\/afogadosonline.com.br\/index.php\/wp-json\/wp\/v2\/posts\/17653\/revisions\/17654"}],"wp:attachment":[{"href":"https:\/\/afogadosonline.com.br\/index.php\/wp-json\/wp\/v2\/media?parent=17653"}],"wp:term":[{"taxonomy":"category","embeddable":true,"href":"https:\/\/afogadosonline.com.br\/index.php\/wp-json\/wp\/v2\/categories?post=17653"},{"taxonomy":"post_tag","embeddable":true,"href":"https:\/\/afogadosonline.com.br\/index.php\/wp-json\/wp\/v2\/tags?post=17653"}],"curies":[{"name":"wp","href":"https:\/\/api.w.org\/{rel}","templated":true}]}}