{"id":17651,"date":"2020-08-26T18:19:45","date_gmt":"2020-08-26T21:19:45","guid":{"rendered":"http:\/\/afogadosonline.com.br\/wp\/?p=17651"},"modified":"2020-08-26T18:19:45","modified_gmt":"2020-08-26T21:19:45","slug":"congresso-promulga-emenda-que-torna-o-fundeb-permanente","status":"publish","type":"post","link":"https:\/\/afogadosonline.com.br\/index.php\/2020\/08\/26\/congresso-promulga-emenda-que-torna-o-fundeb-permanente\/","title":{"rendered":"Congresso promulga emenda que torna o Fundeb permanente"},"content":{"rendered":"<p><img fetchpriority=\"high\" decoding=\"async\" class=\"aligncenter\" src=\"https:\/\/www.diariodepernambuco.com.br\/static\/app\/noticia_127983242361\/2020\/08\/26\/839599\/20200826151525951348i.jpg\" alt=\" (foto: Michel Jesus\/C\u00e2mara dos Deputados)\" width=\"498\" height=\"320\" \/><\/p>\n<p style=\"text-align: justify;\"><span style=\"font-size: 14pt;\">O presidente do Congresso Nacional, senador Davi Alcolumbre, promulgou hoje (26) a Emenda Constitucional (EC) 108\/20 que torna permanente o Fundo de Manuten\u00e7\u00e3o e Desenvolvimento da Educa\u00e7\u00e3o B\u00e1sica e de Valoriza\u00e7\u00e3o dos Profissionais da Educa\u00e7\u00e3o (Fundeb). A medida amplia de 10% para 23% a participa\u00e7\u00e3o da Uni\u00e3o no financiamento da educa\u00e7\u00e3o b\u00e1sica e altera a forma de distribui\u00e7\u00e3o dos recursos entre os entes federados.<\/span><\/p>\n<p style=\"text-align: justify;\"><span style=\"font-size: 14pt;\">Para Alcolumbre, a emenda \u00e9 uma das contribui\u00e7\u00f5es mais relevantes e de maior impacto social que o Congresso Nacional incorporou nos \u00faltimos tempos no patrim\u00f4nio jur\u00eddico brasileiro. &#8220;Apenas um olhar especial para os nosso jovens e crian\u00e7as poder\u00e1 nos redimir como sociedade e nos justificar como na\u00e7\u00e3o&#8221;, disse.<\/span><\/p>\n","protected":false},"excerpt":{"rendered":"<p>O presidente do Congresso Nacional, senador Davi Alcolumbre, promulgou hoje (26) a Emenda Constitucional (EC) 108\/20 que torna permanente o Fundo de Manuten&ccedil;&atilde;o e Desenvolvimento da Educa&ccedil;&atilde;o B&aacute;sica e de Valoriza&ccedil;&atilde;o dos Profissionais da Educa&ccedil;&atilde;o (Fundeb). A medida amplia de 10% para 23% a participa&ccedil;&atilde;o da Uni&atilde;o no financiamento da educa&ccedil;&atilde;o b&aacute;sica e altera a &#8230; <a title=\"Congresso promulga emenda que torna o Fundeb permanente\" class=\"read-more\" href=\"https:\/\/afogadosonline.com.br\/index.php\/2020\/08\/26\/congresso-promulga-emenda-que-torna-o-fundeb-permanente\/\" aria-label=\"Read more about Congresso promulga emenda que torna o Fundeb permanente\">Ler mais<\/a><\/p>\n","protected":false},"author":2,"featured_media":0,"comment_status":"open","ping_status":"open","sticky":false,"template":"","format":"standard","meta":{"footnotes":""},"categories":[2],"tags":[],"class_list":["post-17651","post","type-post","status-publish","format-standard","hentry","category-uncategorised"],"_links":{"self":[{"href":"https:\/\/afogadosonline.com.br\/index.php\/wp-json\/wp\/v2\/posts\/17651"}],"collection":[{"href":"https:\/\/afogadosonline.com.br\/index.php\/wp-json\/wp\/v2\/posts"}],"about":[{"href":"https:\/\/afogadosonline.com.br\/index.php\/wp-json\/wp\/v2\/types\/post"}],"author":[{"embeddable":true,"href":"https:\/\/afogadosonline.com.br\/index.php\/wp-json\/wp\/v2\/users\/2"}],"replies":[{"embeddable":true,"href":"https:\/\/afogadosonline.com.br\/index.php\/wp-json\/wp\/v2\/comments?post=17651"}],"version-history":[{"count":1,"href":"https:\/\/afogadosonline.com.br\/index.php\/wp-json\/wp\/v2\/posts\/17651\/revisions"}],"predecessor-version":[{"id":17652,"href":"https:\/\/afogadosonline.com.br\/index.php\/wp-json\/wp\/v2\/posts\/17651\/revisions\/17652"}],"wp:attachment":[{"href":"https:\/\/afogadosonline.com.br\/index.php\/wp-json\/wp\/v2\/media?parent=17651"}],"wp:term":[{"taxonomy":"category","embeddable":true,"href":"https:\/\/afogadosonline.com.br\/index.php\/wp-json\/wp\/v2\/categories?post=17651"},{"taxonomy":"post_tag","embeddable":true,"href":"https:\/\/afogadosonline.com.br\/index.php\/wp-json\/wp\/v2\/tags?post=17651"}],"curies":[{"name":"wp","href":"https:\/\/api.w.org\/{rel}","templated":true}]}}