{"id":17647,"date":"2020-08-26T11:10:24","date_gmt":"2020-08-26T14:10:24","guid":{"rendered":"http:\/\/afogadosonline.com.br\/wp\/?p=17647"},"modified":"2020-08-26T11:10:24","modified_gmt":"2020-08-26T14:10:24","slug":"procurador-geral-de-justica-realiza-capacitacao-para-jornalistas-e-profissionais-da-radiodifusao-em-pernambuco","status":"publish","type":"post","link":"https:\/\/afogadosonline.com.br\/index.php\/2020\/08\/26\/procurador-geral-de-justica-realiza-capacitacao-para-jornalistas-e-profissionais-da-radiodifusao-em-pernambuco\/","title":{"rendered":"Procurador-geral de Justi\u00e7a realiza capacita\u00e7\u00e3o para jornalistas e profissionais da radiodifus\u00e3o em Pernambuco"},"content":{"rendered":"<p><img fetchpriority=\"high\" decoding=\"async\" class=\"aligncenter\" src=\"https:\/\/www.mppe.mp.br\/mppe\/images\/2020\/08\/2508\/Eleicoes-PGJ-Realiza-Site.jpg\" width=\"498\" height=\"327\" \/><\/p>\n<p style=\"text-align: justify;\"><span style=\"font-size: 14pt;\">Nesta quinta-feira, 27, \u00e0s 16h, o procurador-geral de Justi\u00e7a de Pernambuco, Francisco Dirceu Barros, participa, ao lado do procurador regional Eleitoral de Pernambuco, Wellington Saraiva, do Webin\u00e1rio &#8211; Radiodifus\u00e3o e a Lei Eleitoral. O evento ocorre com transmiss\u00e3o por meio de sistema de videoconfer\u00eancia e \u00e9 realizado pela Associa\u00e7\u00e3o de Empresas de R\u00e1dio e Televis\u00e3o de Pernambuco (Asserpe).<\/span><\/p>\n<p style=\"text-align: justify;\"><span style=\"font-size: 14pt;\">No encontro, que tem media\u00e7\u00e3o do assessor jur\u00eddico da institui\u00e7\u00e3o Edmilson Boaviagem, ir\u00e1 abordar as veda\u00e7\u00f5es e prazos eleitorais para emissoras de radiodifus\u00e3o, realiza\u00e7\u00e3o de entrevistas e debates, mudan\u00e7as relativas \u00e0 minirreforma e a Emenda Constitucional n.\u00ba 107. Ser\u00e1 tema de discuss\u00e3o, ainda, a liberdade de express\u00e3o e as prerrogativas da Lei Eleitoral, al\u00e9m de orienta\u00e7\u00f5es para as emissoras em suas plataformas digitais.<\/span><\/p>\n<p style=\"text-align: justify;\"><span style=\"font-size: 14pt;\">\u201cEste ano a elei\u00e7\u00f5es ocorrem de forma completamente sui generis. Foram adiadas para novembro e tamb\u00e9m ocorrem sob o contexto da pandemia do novo coronav\u00edrus, se configurando, ainda, com a implementa\u00e7\u00e3o e novas regras. \u00c9 de suma import\u00e2ncia incentivar a participa\u00e7\u00e3o da popula\u00e7\u00e3o e orientar os profissionais da comunica\u00e7\u00e3o de Pernambuco para que estejam atentos \u00e0s regras eleitorais no exerc\u00edcio de sua fun\u00e7\u00e3o, bem como atuarem como parceiros da Justi\u00e7a Eleitoral brasileira\u201d, disse o procurador-geral de Justi\u00e7a de Pernambuco, Francisco Dirceu Barros.<\/span><\/p>\n","protected":false},"excerpt":{"rendered":"<p>Nesta quinta-feira, 27, &agrave;s 16h, o procurador-geral de Justi&ccedil;a de Pernambuco, Francisco Dirceu Barros, participa, ao lado do procurador regional Eleitoral de Pernambuco, Wellington Saraiva, do Webin&aacute;rio &ndash; Radiodifus&atilde;o e a Lei Eleitoral. O evento ocorre com transmiss&atilde;o por meio de sistema de videoconfer&ecirc;ncia e &eacute; realizado pela Associa&ccedil;&atilde;o de Empresas de R&aacute;dio e Televis&atilde;o &#8230; <a title=\"Procurador-geral de Justi\u00e7a realiza capacita\u00e7\u00e3o para jornalistas e profissionais da radiodifus\u00e3o em Pernambuco\" class=\"read-more\" href=\"https:\/\/afogadosonline.com.br\/index.php\/2020\/08\/26\/procurador-geral-de-justica-realiza-capacitacao-para-jornalistas-e-profissionais-da-radiodifusao-em-pernambuco\/\" aria-label=\"Read more about Procurador-geral de Justi\u00e7a realiza capacita\u00e7\u00e3o para jornalistas e profissionais da radiodifus\u00e3o em Pernambuco\">Ler mais<\/a><\/p>\n","protected":false},"author":2,"featured_media":0,"comment_status":"open","ping_status":"open","sticky":false,"template":"","format":"standard","meta":{"footnotes":""},"categories":[2],"tags":[],"class_list":["post-17647","post","type-post","status-publish","format-standard","hentry","category-uncategorised"],"_links":{"self":[{"href":"https:\/\/afogadosonline.com.br\/index.php\/wp-json\/wp\/v2\/posts\/17647"}],"collection":[{"href":"https:\/\/afogadosonline.com.br\/index.php\/wp-json\/wp\/v2\/posts"}],"about":[{"href":"https:\/\/afogadosonline.com.br\/index.php\/wp-json\/wp\/v2\/types\/post"}],"author":[{"embeddable":true,"href":"https:\/\/afogadosonline.com.br\/index.php\/wp-json\/wp\/v2\/users\/2"}],"replies":[{"embeddable":true,"href":"https:\/\/afogadosonline.com.br\/index.php\/wp-json\/wp\/v2\/comments?post=17647"}],"version-history":[{"count":1,"href":"https:\/\/afogadosonline.com.br\/index.php\/wp-json\/wp\/v2\/posts\/17647\/revisions"}],"predecessor-version":[{"id":17648,"href":"https:\/\/afogadosonline.com.br\/index.php\/wp-json\/wp\/v2\/posts\/17647\/revisions\/17648"}],"wp:attachment":[{"href":"https:\/\/afogadosonline.com.br\/index.php\/wp-json\/wp\/v2\/media?parent=17647"}],"wp:term":[{"taxonomy":"category","embeddable":true,"href":"https:\/\/afogadosonline.com.br\/index.php\/wp-json\/wp\/v2\/categories?post=17647"},{"taxonomy":"post_tag","embeddable":true,"href":"https:\/\/afogadosonline.com.br\/index.php\/wp-json\/wp\/v2\/tags?post=17647"}],"curies":[{"name":"wp","href":"https:\/\/api.w.org\/{rel}","templated":true}]}}