{"id":17645,"date":"2020-08-26T11:00:28","date_gmt":"2020-08-26T14:00:28","guid":{"rendered":"http:\/\/afogadosonline.com.br\/wp\/?p=17645"},"modified":"2020-08-26T22:30:44","modified_gmt":"2020-08-27T01:30:44","slug":"covid-19-afogados-arcoverde-e-serra-talhada-preocupa-governo-do-estado","status":"publish","type":"post","link":"https:\/\/afogadosonline.com.br\/index.php\/2020\/08\/26\/covid-19-afogados-arcoverde-e-serra-talhada-preocupa-governo-do-estado\/","title":{"rendered":"Covid-19: Afogados, Arcoverde e Serra Talhada preocupam governo do Estado"},"content":{"rendered":"<p><img fetchpriority=\"high\" decoding=\"async\" class=\"aligncenter\" src=\"https:\/\/www.diariodepernambuco.com.br\/static\/app\/noticia_127983242361\/2020\/06\/05\/831322\/20200605205505669098i.jpg\" alt=\"Andr\u00e9 Longo: 'Tend\u00eancia \u00e9 come\u00e7ar a (pr\u00f3xima) semana sem fila para ...\" width=\"497\" height=\"331\" \/><\/p>\n<p style=\"text-align: justify;\"><span style=\"font-size: 14pt;\">O secret\u00e1rio estadual de Sa\u00fade, Andr\u00e9 Longo, destacou hoje em coletiva de imprensa, que as an\u00e1lises dos dados epidemiol\u00f3gicos da \u00faltima semana apontam para a continuidade da queda nos indicadores da doen\u00e7a, embora de forma heterog\u00eanea no Estado. Com rela\u00e7\u00e3o aos casos de S\u00edndrome Respirat\u00f3ria Aguda Grave (Srag), houve uma queda de 1,9% em rela\u00e7\u00e3o \u00e0 semana anterior (SE 33).<\/span><\/p>\n<p style=\"text-align: justify;\"><span style=\"font-size: 14pt;\">Entre os \u00f3bitos, a redu\u00e7\u00e3o das mortes por Srag foi na ordem de 24,9% em rela\u00e7\u00e3o \u00e0 semana 33 e, no acumulado de 2 semanas (na compara\u00e7\u00e3o com a SE 32), a queda foi mais expressiva, de 42,2%. Com rela\u00e7\u00e3o aos \u00f3bitos de s\u00edndrome respirat\u00f3ria confirmados para a Covid-19, a queda, da semana 33 para a 34, foi de 23%.<\/span><\/p>\n<p style=\"text-align: justify;\"><span style=\"font-size: 14pt;\">Na an\u00e1lise regional, a III Macrorregi\u00e3o de Sa\u00fade, que tem como cidades-polo <strong>Arcoverde<\/strong>, <strong>Serra Talhada<\/strong> e <strong>Afogados da Ingazeira<\/strong>, foi a \u00fanica que apresentou uma tend\u00eancia de aumento. &#8220;Por isso, estamos observando esta regi\u00e3o, com maior detalhe, na evolu\u00e7\u00e3o inclusive dessa pr\u00f3xima semana, os indicadores todos, para avaliar medidas mais r\u00edgidas que poder\u00e3o vir a ser necess\u00e1rias para esses munic\u00edpios&#8221;, informou o secret\u00e1rio Andr\u00e9 Longo.<\/span><\/p>\n","protected":false},"excerpt":{"rendered":"<p>O secret&aacute;rio estadual de Sa&uacute;de, Andr&eacute; Longo, destacou hoje em coletiva de imprensa, que as an&aacute;lises dos dados epidemiol&oacute;gicos da &uacute;ltima semana apontam para a continuidade da queda nos indicadores da doen&ccedil;a, embora de forma heterog&ecirc;nea no Estado. Com rela&ccedil;&atilde;o aos casos de S&iacute;ndrome Respirat&oacute;ria Aguda Grave (Srag), houve uma queda de 1,9% em rela&ccedil;&atilde;o &#8230; <a title=\"Covid-19: Afogados, Arcoverde e Serra Talhada preocupam governo do Estado\" class=\"read-more\" href=\"https:\/\/afogadosonline.com.br\/index.php\/2020\/08\/26\/covid-19-afogados-arcoverde-e-serra-talhada-preocupa-governo-do-estado\/\" aria-label=\"Read more about Covid-19: Afogados, Arcoverde e Serra Talhada preocupam governo do Estado\">Ler mais<\/a><\/p>\n","protected":false},"author":2,"featured_media":0,"comment_status":"open","ping_status":"open","sticky":false,"template":"","format":"standard","meta":{"footnotes":""},"categories":[2],"tags":[],"class_list":["post-17645","post","type-post","status-publish","format-standard","hentry","category-uncategorised"],"_links":{"self":[{"href":"https:\/\/afogadosonline.com.br\/index.php\/wp-json\/wp\/v2\/posts\/17645"}],"collection":[{"href":"https:\/\/afogadosonline.com.br\/index.php\/wp-json\/wp\/v2\/posts"}],"about":[{"href":"https:\/\/afogadosonline.com.br\/index.php\/wp-json\/wp\/v2\/types\/post"}],"author":[{"embeddable":true,"href":"https:\/\/afogadosonline.com.br\/index.php\/wp-json\/wp\/v2\/users\/2"}],"replies":[{"embeddable":true,"href":"https:\/\/afogadosonline.com.br\/index.php\/wp-json\/wp\/v2\/comments?post=17645"}],"version-history":[{"count":2,"href":"https:\/\/afogadosonline.com.br\/index.php\/wp-json\/wp\/v2\/posts\/17645\/revisions"}],"predecessor-version":[{"id":17689,"href":"https:\/\/afogadosonline.com.br\/index.php\/wp-json\/wp\/v2\/posts\/17645\/revisions\/17689"}],"wp:attachment":[{"href":"https:\/\/afogadosonline.com.br\/index.php\/wp-json\/wp\/v2\/media?parent=17645"}],"wp:term":[{"taxonomy":"category","embeddable":true,"href":"https:\/\/afogadosonline.com.br\/index.php\/wp-json\/wp\/v2\/categories?post=17645"},{"taxonomy":"post_tag","embeddable":true,"href":"https:\/\/afogadosonline.com.br\/index.php\/wp-json\/wp\/v2\/tags?post=17645"}],"curies":[{"name":"wp","href":"https:\/\/api.w.org\/{rel}","templated":true}]}}