{"id":17642,"date":"2020-08-25T21:48:51","date_gmt":"2020-08-26T00:48:51","guid":{"rendered":"http:\/\/afogadosonline.com.br\/wp\/?p=17642"},"modified":"2020-08-25T21:48:51","modified_gmt":"2020-08-26T00:48:51","slug":"maju-coutinho-reage-a-acusacao-de-bolsonaro-e-esclarece-situacao-no-jornal-hoje","status":"publish","type":"post","link":"https:\/\/afogadosonline.com.br\/index.php\/2020\/08\/25\/maju-coutinho-reage-a-acusacao-de-bolsonaro-e-esclarece-situacao-no-jornal-hoje\/","title":{"rendered":"Maju Coutinho reage \u00e0 acusa\u00e7\u00e3o de Bolsonaro e esclarece situa\u00e7\u00e3o no Jornal Hoje"},"content":{"rendered":"<p><img fetchpriority=\"high\" decoding=\"async\" class=\"aligncenter\" src=\"https:\/\/rd1.com.br\/wp-content\/uploads\/2020\/08\/20200825-maju-coutinho.jpg\" alt=\"Maju Coutinho\" width=\"497\" height=\"337\" \/><\/p>\n<p style=\"text-align: justify;\"><span style=\"font-size: 14pt;\">Maju Coutinho decidiu se pronunciar a respeito da acusa\u00e7\u00e3o do presidente Jair Bolsonaro (sem partido) sobre o Jornal Hoje, da Globo, ter mentido a respeito de not\u00edcia. Nesta ter\u00e7a-feira (15), a apresentadora esclareceu o que foi informado na edi\u00e7\u00e3o de ontem (24).<\/span><\/p>\n<p style=\"text-align: justify;\"><span style=\"font-size: 14pt;\"><em>\u201cOntem, o JH noticiou que durante o evento \u2018Brasil vencendo a covid\u2019 nem o presidente Jair Bolsonaro, nem nenhuma autoridade do governo, prestou solidariedade \u00e0s v\u00edtimas. Mas uma m\u00e9dica da Bahia, a doutora Raissa Soares, que n\u00e3o faz parte do governo, pediu um minuto de sil\u00eancio e o pedido foi respeitado por todos os presentes, inclusive o presidente\u201d<\/em>, declarou a jornalista.<\/span><\/p>\n<p style=\"text-align: justify;\"><span style=\"font-size: 14pt;\">Nesta segunda, a \u00e2ncora do telejornal afirmou que \u201cnem Bolsonaro nem as autoridades do governo presentes prestaram solidariedade \u00e0s v\u00edtimas e aos familiares\u201d em evento no Planalto. O encontro Brasil Vencendo a Covid teve a participa\u00e7\u00e3o de m\u00e9dicos e foi justamente uma m\u00e9dica que falou sobre as perdas.<\/span><\/p>\n<p style=\"text-align: justify;\"><span style=\"font-size: 14pt;\">Por\u00e9m, em rede social, o presidente publicou o v\u00eddeo de Maju Coutinho dando a informa\u00e7\u00e3o e disparou: \u201cA Globo, como sempre, mentindo a meu respeito\u201d.<\/span><\/p>\n<p style=\"text-align: justify;\"><span style=\"font-size: 14pt;\">Al\u00e9m disso, Bolsonaro postou um discurso da discurso da m\u00e9dica Raissa Soares, que pediu um minuto de sil\u00eancio \u00e0s v\u00edtimas da covid-19.<\/span><\/p>\n","protected":false},"excerpt":{"rendered":"<p>Maju Coutinho decidiu se pronunciar a respeito da acusa&ccedil;&atilde;o do presidente Jair Bolsonaro (sem partido) sobre o Jornal Hoje, da Globo, ter mentido a respeito de not&iacute;cia. Nesta ter&ccedil;a-feira (15), a apresentadora esclareceu o que foi informado na edi&ccedil;&atilde;o de ontem (24). &ldquo;Ontem, o JH noticiou que durante o evento &lsquo;Brasil vencendo a covid&rsquo; nem &#8230; <a title=\"Maju Coutinho reage \u00e0 acusa\u00e7\u00e3o de Bolsonaro e esclarece situa\u00e7\u00e3o no Jornal Hoje\" class=\"read-more\" href=\"https:\/\/afogadosonline.com.br\/index.php\/2020\/08\/25\/maju-coutinho-reage-a-acusacao-de-bolsonaro-e-esclarece-situacao-no-jornal-hoje\/\" aria-label=\"Read more about Maju Coutinho reage \u00e0 acusa\u00e7\u00e3o de Bolsonaro e esclarece situa\u00e7\u00e3o no Jornal Hoje\">Ler mais<\/a><\/p>\n","protected":false},"author":2,"featured_media":0,"comment_status":"open","ping_status":"open","sticky":false,"template":"","format":"standard","meta":{"footnotes":""},"categories":[2],"tags":[],"class_list":["post-17642","post","type-post","status-publish","format-standard","hentry","category-uncategorised"],"_links":{"self":[{"href":"https:\/\/afogadosonline.com.br\/index.php\/wp-json\/wp\/v2\/posts\/17642"}],"collection":[{"href":"https:\/\/afogadosonline.com.br\/index.php\/wp-json\/wp\/v2\/posts"}],"about":[{"href":"https:\/\/afogadosonline.com.br\/index.php\/wp-json\/wp\/v2\/types\/post"}],"author":[{"embeddable":true,"href":"https:\/\/afogadosonline.com.br\/index.php\/wp-json\/wp\/v2\/users\/2"}],"replies":[{"embeddable":true,"href":"https:\/\/afogadosonline.com.br\/index.php\/wp-json\/wp\/v2\/comments?post=17642"}],"version-history":[{"count":1,"href":"https:\/\/afogadosonline.com.br\/index.php\/wp-json\/wp\/v2\/posts\/17642\/revisions"}],"predecessor-version":[{"id":17643,"href":"https:\/\/afogadosonline.com.br\/index.php\/wp-json\/wp\/v2\/posts\/17642\/revisions\/17643"}],"wp:attachment":[{"href":"https:\/\/afogadosonline.com.br\/index.php\/wp-json\/wp\/v2\/media?parent=17642"}],"wp:term":[{"taxonomy":"category","embeddable":true,"href":"https:\/\/afogadosonline.com.br\/index.php\/wp-json\/wp\/v2\/categories?post=17642"},{"taxonomy":"post_tag","embeddable":true,"href":"https:\/\/afogadosonline.com.br\/index.php\/wp-json\/wp\/v2\/tags?post=17642"}],"curies":[{"name":"wp","href":"https:\/\/api.w.org\/{rel}","templated":true}]}}