{"id":17638,"date":"2020-08-25T21:35:16","date_gmt":"2020-08-26T00:35:16","guid":{"rendered":"http:\/\/afogadosonline.com.br\/wp\/?p=17638"},"modified":"2020-08-25T21:35:16","modified_gmt":"2020-08-26T00:35:16","slug":"lulu-santos-se-irrita-com-jair-bolsonaro-e-diz-que-ele-merece-porrada-em-dobro","status":"publish","type":"post","link":"https:\/\/afogadosonline.com.br\/index.php\/2020\/08\/25\/lulu-santos-se-irrita-com-jair-bolsonaro-e-diz-que-ele-merece-porrada-em-dobro\/","title":{"rendered":"Lulu Santos se irrita com Jair Bolsonaro e diz que ele merece \u201cporrada em dobro\u201d"},"content":{"rendered":"<p><img fetchpriority=\"high\" decoding=\"async\" class=\"aligncenter\" src=\"https:\/\/odia.ig.com.br\/_midias\/png\/2019\/09\/11\/700x470\/1_lulu-13130255.png\" alt=\"Incomodado com barulho, Lulu Santos d\u00e1 bronca na plateia do 'The ...\" width=\"494\" height=\"332\" \/><\/p>\n<p style=\"text-align: justify;\"><span style=\"font-size: 14pt;\">Causou pol\u00eamica a declara\u00e7\u00e3o do presidente da Rep\u00fablica contra um jornalista do O Globo. O fato aconteceu em Bras\u00edlia; quando o pol\u00edtico foi questionado sobre os repasses de Fabr\u00edcio Queiroz \u00e0 primeira-dama. Logo em seguida, o parlamentar disse ao jornalista que queria \u201cencher tua boca com porrada\u201d.<\/span><\/p>\n<p style=\"text-align: justify;\"><span style=\"font-size: 14pt;\">Rapidamente Jair Bolsonaro foi alvo de duras cr\u00edticas e rep\u00fadios, principalmente nas redes sociais. Entre artistas e parlamentares, o cantor Lulu Santos tamb\u00e9m deu sua opini\u00e3o sobre o caso.<\/span><\/p>\n<p style=\"text-align: justify;\"><span style=\"font-size: 14pt;\">No Twitter, o cantor desejou o dobro para o presidente do Brasil. \u201cEnquanto cidad\u00e3o me sinto-me preso numa rela\u00e7\u00e3o abusiva que n\u00e3o escolhi\u201d; desabafou. Em outra postagem, o m\u00fasico se retratou sobre a declara\u00e7\u00e3o.<\/span><\/p>\n<p style=\"text-align: justify;\"><span style=\"font-size: 14pt;\">\u201cSou absolutamente contr\u00e1rio a toda forma de viol\u00eancia, f\u00edsica, moral e sobre tudo psicol\u00f3gica. O que fiz foi retribuir os votos, por educa\u00e7\u00e3o, em dobro.\u201d<\/span><\/p>\n","protected":false},"excerpt":{"rendered":"<p>Causou pol&ecirc;mica a declara&ccedil;&atilde;o do presidente da Rep&uacute;blica contra um jornalista do O Globo. O fato aconteceu em Bras&iacute;lia; quando o pol&iacute;tico foi questionado sobre os repasses de Fabr&iacute;cio Queiroz &agrave; primeira-dama. Logo em seguida, o parlamentar disse ao jornalista que queria &ldquo;encher tua boca com porrada&rdquo;. Rapidamente Jair Bolsonaro foi alvo de duras cr&iacute;ticas &#8230; <a title=\"Lulu Santos se irrita com Jair Bolsonaro e diz que ele merece \u201cporrada em dobro\u201d\" class=\"read-more\" href=\"https:\/\/afogadosonline.com.br\/index.php\/2020\/08\/25\/lulu-santos-se-irrita-com-jair-bolsonaro-e-diz-que-ele-merece-porrada-em-dobro\/\" aria-label=\"Read more about Lulu Santos se irrita com Jair Bolsonaro e diz que ele merece \u201cporrada em dobro\u201d\">Ler mais<\/a><\/p>\n","protected":false},"author":2,"featured_media":0,"comment_status":"open","ping_status":"open","sticky":false,"template":"","format":"standard","meta":{"footnotes":""},"categories":[2],"tags":[],"class_list":["post-17638","post","type-post","status-publish","format-standard","hentry","category-uncategorised"],"_links":{"self":[{"href":"https:\/\/afogadosonline.com.br\/index.php\/wp-json\/wp\/v2\/posts\/17638"}],"collection":[{"href":"https:\/\/afogadosonline.com.br\/index.php\/wp-json\/wp\/v2\/posts"}],"about":[{"href":"https:\/\/afogadosonline.com.br\/index.php\/wp-json\/wp\/v2\/types\/post"}],"author":[{"embeddable":true,"href":"https:\/\/afogadosonline.com.br\/index.php\/wp-json\/wp\/v2\/users\/2"}],"replies":[{"embeddable":true,"href":"https:\/\/afogadosonline.com.br\/index.php\/wp-json\/wp\/v2\/comments?post=17638"}],"version-history":[{"count":1,"href":"https:\/\/afogadosonline.com.br\/index.php\/wp-json\/wp\/v2\/posts\/17638\/revisions"}],"predecessor-version":[{"id":17639,"href":"https:\/\/afogadosonline.com.br\/index.php\/wp-json\/wp\/v2\/posts\/17638\/revisions\/17639"}],"wp:attachment":[{"href":"https:\/\/afogadosonline.com.br\/index.php\/wp-json\/wp\/v2\/media?parent=17638"}],"wp:term":[{"taxonomy":"category","embeddable":true,"href":"https:\/\/afogadosonline.com.br\/index.php\/wp-json\/wp\/v2\/categories?post=17638"},{"taxonomy":"post_tag","embeddable":true,"href":"https:\/\/afogadosonline.com.br\/index.php\/wp-json\/wp\/v2\/tags?post=17638"}],"curies":[{"name":"wp","href":"https:\/\/api.w.org\/{rel}","templated":true}]}}