{"id":17634,"date":"2020-08-25T21:17:25","date_gmt":"2020-08-26T00:17:25","guid":{"rendered":"http:\/\/afogadosonline.com.br\/wp\/?p=17634"},"modified":"2020-08-25T21:17:25","modified_gmt":"2020-08-26T00:17:25","slug":"stf-da-prazo-de-48-horas-para-bc-justificar-nota-de-r-200","status":"publish","type":"post","link":"https:\/\/afogadosonline.com.br\/index.php\/2020\/08\/25\/stf-da-prazo-de-48-horas-para-bc-justificar-nota-de-r-200\/","title":{"rendered":"STF d\u00e1 prazo de 48 horas para BC justificar nota de R$ 200"},"content":{"rendered":"<p><img fetchpriority=\"high\" decoding=\"async\" class=\"aligncenter\" src=\"https:\/\/p2.trrsf.com\/image\/fget\/cf\/460\/0\/images.terra.com\/2020\/08\/04\/2020-08-04T231752Z_1_LYNXNPEG731T7_RTROPTP_4_BRAZIL-POLITICS.JPG\" alt=\"Ministra do Supremo C\u00e1rmen L\u00facia durante sess\u00e3o do STF\n22\/03\/2018\nREUTERS\/Ueslei Marcelino\" width=\"496\" height=\"331\" \/><\/p>\n<p style=\"text-align: justify;\"><span style=\"font-size: 14pt;\">A ministra C\u00e1rmen L\u00facia, do Supremo Tribunal Federal (STF), deu prazo de 48 horas para que o Banco Central (BC) apresente informa\u00e7\u00f5es que justifiquem o lan\u00e7amento da c\u00e9dula de R$ 200, prevista para o fim deste m\u00eas. A solicita\u00e7\u00e3o consta de despacho de C\u00e1rmen publicado na segunda-feira, 24, no sistema do STF.<\/span><\/p>\n<p style=\"text-align: justify;\"><span style=\"font-size: 14pt;\">A ministra \u00e9 a relatora de uma argui\u00e7\u00e3o de descumprimento de preceito fundamental, ajuizada pelo PSB, pelo Podemos e pela Rede Sustentabilidade, sustentando que o lan\u00e7amento da nota de R$ 200 \u00e9 inconstitucional.<\/span><\/p>\n<p style=\"text-align: justify;\"><span style=\"font-size: 14pt;\">Para os partidos, o lan\u00e7amento da nota tem &#8220;grave v\u00edcio de motiva\u00e7\u00e3o&#8221; e pode facilitar a &#8220;atua\u00e7\u00e3o da criminalidade&#8221;. &#8220;O Banco Central n\u00e3o apresentou nenhum estudo ou documento estruturado que trouxesse de forma aprofundada as raz\u00f5es e implica\u00e7\u00f5es da medida&#8221;, defendem os partidos. &#8220;O \u00fanico arquivo disponibilizado para embasar a decis\u00e3o foi uma singela apresenta\u00e7\u00e3o de slides utilizada antes de entrevista coletiva concedida pela Diretora de Administra\u00e7\u00e3o da autarquia&#8221;.<\/span><\/p>\n<p style=\"text-align: justify;\"><span style=\"font-size: 14pt;\">No dia 29 de julho, a diretora de Administra\u00e7\u00e3o do BC, Carolina de Assis Barros, anunciou o lan\u00e7amento da c\u00e9dula, durante coletiva de imprensa. De acordo com o BC, a impress\u00e3o da nota \u00e9 justificada pela maior demanda, por parte dos brasileiros, por moeda f\u00edsica durante a pandemia do novo coronav\u00edrus. Al\u00e9m disso, os pagamentos do aux\u00edlio emergencial aumentaram a circula\u00e7\u00e3o de dinheiro.<\/span><\/p>\n","protected":false},"excerpt":{"rendered":"<p>A ministra C&aacute;rmen L&uacute;cia, do Supremo Tribunal Federal (STF), deu prazo de 48 horas para que o Banco Central (BC) apresente informa&ccedil;&otilde;es que justifiquem o lan&ccedil;amento da c&eacute;dula de R$ 200, prevista para o fim deste m&ecirc;s. A solicita&ccedil;&atilde;o consta de despacho de C&aacute;rmen publicado na segunda-feira, 24, no sistema do STF. A ministra &eacute; &#8230; <a title=\"STF d\u00e1 prazo de 48 horas para BC justificar nota de R$ 200\" class=\"read-more\" href=\"https:\/\/afogadosonline.com.br\/index.php\/2020\/08\/25\/stf-da-prazo-de-48-horas-para-bc-justificar-nota-de-r-200\/\" aria-label=\"Read more about STF d\u00e1 prazo de 48 horas para BC justificar nota de R$ 200\">Ler mais<\/a><\/p>\n","protected":false},"author":2,"featured_media":0,"comment_status":"open","ping_status":"open","sticky":false,"template":"","format":"standard","meta":{"footnotes":""},"categories":[2],"tags":[],"class_list":["post-17634","post","type-post","status-publish","format-standard","hentry","category-uncategorised"],"_links":{"self":[{"href":"https:\/\/afogadosonline.com.br\/index.php\/wp-json\/wp\/v2\/posts\/17634"}],"collection":[{"href":"https:\/\/afogadosonline.com.br\/index.php\/wp-json\/wp\/v2\/posts"}],"about":[{"href":"https:\/\/afogadosonline.com.br\/index.php\/wp-json\/wp\/v2\/types\/post"}],"author":[{"embeddable":true,"href":"https:\/\/afogadosonline.com.br\/index.php\/wp-json\/wp\/v2\/users\/2"}],"replies":[{"embeddable":true,"href":"https:\/\/afogadosonline.com.br\/index.php\/wp-json\/wp\/v2\/comments?post=17634"}],"version-history":[{"count":1,"href":"https:\/\/afogadosonline.com.br\/index.php\/wp-json\/wp\/v2\/posts\/17634\/revisions"}],"predecessor-version":[{"id":17635,"href":"https:\/\/afogadosonline.com.br\/index.php\/wp-json\/wp\/v2\/posts\/17634\/revisions\/17635"}],"wp:attachment":[{"href":"https:\/\/afogadosonline.com.br\/index.php\/wp-json\/wp\/v2\/media?parent=17634"}],"wp:term":[{"taxonomy":"category","embeddable":true,"href":"https:\/\/afogadosonline.com.br\/index.php\/wp-json\/wp\/v2\/categories?post=17634"},{"taxonomy":"post_tag","embeddable":true,"href":"https:\/\/afogadosonline.com.br\/index.php\/wp-json\/wp\/v2\/tags?post=17634"}],"curies":[{"name":"wp","href":"https:\/\/api.w.org\/{rel}","templated":true}]}}