{"id":17586,"date":"2020-08-21T07:49:40","date_gmt":"2020-08-21T10:49:40","guid":{"rendered":"http:\/\/afogadosonline.com.br\/wp\/?p=17586"},"modified":"2020-08-21T07:49:40","modified_gmt":"2020-08-21T10:49:40","slug":"producao-da-vacina-da-fiocruz-contra-coronavirus-deve-acontecer-em-abril-diz-ministerio-da-saude","status":"publish","type":"post","link":"https:\/\/afogadosonline.com.br\/index.php\/2020\/08\/21\/producao-da-vacina-da-fiocruz-contra-coronavirus-deve-acontecer-em-abril-diz-ministerio-da-saude\/","title":{"rendered":"Produ\u00e7\u00e3o da vacina da Fiocruz contra coronav\u00edrus deve acontecer em abril, diz Minist\u00e9rio da Sa\u00fade"},"content":{"rendered":"<p><img fetchpriority=\"high\" decoding=\"async\" class=\"n3VNCb aligncenter\" src=\"https:\/\/imagens.ebc.com.br\/2EeOdi_hcWQoiGIXVQTE0pNOddo=\/1170x700\/smart\/https:\/\/agenciabrasil.ebc.com.br\/sites\/default\/files\/thumbnails\/image\/2020-05-18t143443z_1_lynxmpeg4h1mb_rtroptp_4_health-coronavirus-vaccine.jpg?itok=6GG3WjMa\" alt=\"Fiocruz e AstraZeneca firmam parceria para vacina contra covid-19 | Ag\u00eancia  Brasil\" width=\"497\" height=\"297\" data-noaft=\"1\" \/><\/p>\n<p style=\"text-align: justify;\"><span style=\"font-size: 14pt;\">O Minist\u00e9rio da Sa\u00fade afirmou, durante uma coletiva de imprensa, nesta quinta-feira (20), que a Funda\u00e7\u00e3o Oswaldo Cruz (Fiocruz) dever\u00e1 estar pronta para produzir a vacina contra o novo coronav\u00edrus no Brasil em abril de 2021. A pasta tamb\u00e9m acredita que Funda\u00e7\u00e3o e a farmac\u00eautica AstraZeneca, que j\u00e1 firmaram uma parceria, assinem o contrato para importa\u00e7\u00e3o de insumos na primeira semana de setembro e que at\u00e9 dezembro, os primeiros lotes cheguem ao Pa\u00eds. Se o cronograma for seguido, a imuniza\u00e7\u00e3o vai estar dispon\u00edvel para a popula\u00e7\u00e3o em janeiro de 2021.<\/span><\/p>\n<p style=\"text-align: justify;\"><span style=\"font-size: 14pt;\">&#8220;Espera-se que o insumo comece a ser entregue a partir de dezembro, ent\u00e3o ser\u00e1 processado e disponibilizado \u00e0 popula\u00e7\u00e3o em janeiro. Tudo isso caso o registro seja obtido junto \u00e0 Anvisa&#8221;, destacou Angotti Neto, citando a Ag\u00eancia Nacional de Vigil\u00e2ncia Sanit\u00e1ria (Anvisa).<\/span><\/p>\n","protected":false},"excerpt":{"rendered":"<p>O Minist&eacute;rio da Sa&uacute;de afirmou, durante uma coletiva de imprensa, nesta quinta-feira (20), que a Funda&ccedil;&atilde;o Oswaldo Cruz (Fiocruz) dever&aacute; estar pronta para produzir a vacina contra o novo coronav&iacute;rus no Brasil em abril de 2021. A pasta tamb&eacute;m acredita que Funda&ccedil;&atilde;o e a farmac&ecirc;utica AstraZeneca, que j&aacute; firmaram uma parceria, assinem o contrato para &#8230; <a title=\"Produ\u00e7\u00e3o da vacina da Fiocruz contra coronav\u00edrus deve acontecer em abril, diz Minist\u00e9rio da Sa\u00fade\" class=\"read-more\" href=\"https:\/\/afogadosonline.com.br\/index.php\/2020\/08\/21\/producao-da-vacina-da-fiocruz-contra-coronavirus-deve-acontecer-em-abril-diz-ministerio-da-saude\/\" aria-label=\"Read more about Produ\u00e7\u00e3o da vacina da Fiocruz contra coronav\u00edrus deve acontecer em abril, diz Minist\u00e9rio da Sa\u00fade\">Ler mais<\/a><\/p>\n","protected":false},"author":2,"featured_media":0,"comment_status":"open","ping_status":"open","sticky":false,"template":"","format":"standard","meta":{"footnotes":""},"categories":[2],"tags":[],"class_list":["post-17586","post","type-post","status-publish","format-standard","hentry","category-uncategorised"],"_links":{"self":[{"href":"https:\/\/afogadosonline.com.br\/index.php\/wp-json\/wp\/v2\/posts\/17586"}],"collection":[{"href":"https:\/\/afogadosonline.com.br\/index.php\/wp-json\/wp\/v2\/posts"}],"about":[{"href":"https:\/\/afogadosonline.com.br\/index.php\/wp-json\/wp\/v2\/types\/post"}],"author":[{"embeddable":true,"href":"https:\/\/afogadosonline.com.br\/index.php\/wp-json\/wp\/v2\/users\/2"}],"replies":[{"embeddable":true,"href":"https:\/\/afogadosonline.com.br\/index.php\/wp-json\/wp\/v2\/comments?post=17586"}],"version-history":[{"count":1,"href":"https:\/\/afogadosonline.com.br\/index.php\/wp-json\/wp\/v2\/posts\/17586\/revisions"}],"predecessor-version":[{"id":17587,"href":"https:\/\/afogadosonline.com.br\/index.php\/wp-json\/wp\/v2\/posts\/17586\/revisions\/17587"}],"wp:attachment":[{"href":"https:\/\/afogadosonline.com.br\/index.php\/wp-json\/wp\/v2\/media?parent=17586"}],"wp:term":[{"taxonomy":"category","embeddable":true,"href":"https:\/\/afogadosonline.com.br\/index.php\/wp-json\/wp\/v2\/categories?post=17586"},{"taxonomy":"post_tag","embeddable":true,"href":"https:\/\/afogadosonline.com.br\/index.php\/wp-json\/wp\/v2\/tags?post=17586"}],"curies":[{"name":"wp","href":"https:\/\/api.w.org\/{rel}","templated":true}]}}