{"id":12080,"date":"2020-06-25T08:05:24","date_gmt":"2020-06-25T11:05:24","guid":{"rendered":"http:\/\/afogadosonline.com.br\/wp\/?p=12080"},"modified":"2020-06-25T08:05:24","modified_gmt":"2020-06-25T11:05:24","slug":"com-pandemia-registro-de-queimados-no-sao-joao-cai-88-em-hospital-do-recife","status":"publish","type":"post","link":"https:\/\/afogadosonline.com.br\/index.php\/2020\/06\/25\/com-pandemia-registro-de-queimados-no-sao-joao-cai-88-em-hospital-do-recife\/","title":{"rendered":"Com pandemia, registro de queimados no S\u00e3o Jo\u00e3o cai 88% em hospital do Recife"},"content":{"rendered":"<p><img fetchpriority=\"high\" decoding=\"async\" class=\"n3VNCb aligncenter\" src=\"https:\/\/www.agorasudoeste.com.br\/hd-imagens\/noticias\/fogo-de-artificio-menores-46-Brumado-Agora.jpg\" alt=\"Minist\u00e9rio P\u00fablico recomenda medidas de seguran\u00e7a para a venda de ...\" width=\"493\" height=\"322\" data-noaft=\"1\" \/><\/p>\n<p style=\"text-align: justify;\"><span style=\"font-family: verdana, geneva, sans-serif;\">Com a proibi\u00e7\u00e3o da venda de fogueiras e fogos de artif\u00edcio em diversos munic\u00edpios pernambucanos, neste m\u00eas de junho, o n\u00famero de queimaduras acidentais registradas diminuiu. No ano passado, do dia de Santo Ant\u00f4nio (13) at\u00e9 o S\u00e3o Jo\u00e3o, o Hospital da Restaura\u00e7\u00e3o, no Recife, recebeu 59 pacientes queimados. Neste ano, no mesmo per\u00edodo, a unidade de sa\u00fade contabilizou sete casos do tipo, resultando numa queda de mais de 88% no registro deste tipo de paciente. O chefe do setor de queimados do HR, Marcos Barreto, comemora a redu\u00e7\u00e3o.<\/span><\/p>\n<p style=\"text-align: justify;\"><span style=\"font-family: verdana, geneva, sans-serif;\">\u201cUma coisa muito importante \u00e9 que, dos sete casos deste ano, apenas uma crian\u00e7a acidentada. Os outros foram adultos, dos quais apenas um do sexo feminino e o restante do sexo masculino.\u201d<\/span><\/p>\n<p style=\"text-align: justify;\"><span style=\"font-family: verdana, geneva, sans-serif;\">Segundo o m\u00e9dico, o n\u00famero de les\u00f5es graves tamb\u00e9m foi menor.<\/span><\/p>\n<p style=\"text-align: justify;\"><span style=\"font-family: verdana, geneva, sans-serif;\">\u201cForam de explosivos. Dois est\u00e3o internados com les\u00f5es graves de m\u00e3o. No ano passado, n\u00f3s tivemos cinco casos graves de les\u00f5es de m\u00e3o, com perda de dedos e assim por diante. Este ano, foram dois adultos at\u00e9 agora.\u201d<\/span><\/p>\n<p style=\"text-align: justify;\"><span style=\"font-family: verdana, geneva, sans-serif;\">A proibi\u00e7\u00e3o do uso de fogueiras e da comercializa\u00e7\u00e3o de fogos de artif\u00edcio foi adotada no Recife e em v\u00e1rias outras cidades, por causa da pandemia do novo coronav\u00edrus. A medida segue recomenda\u00e7\u00e3o do minist\u00e9rio p\u00fablico de Pernambuco.<\/span><\/p>\n","protected":false},"excerpt":{"rendered":"<p>Com a proibi&ccedil;&atilde;o da venda de fogueiras e fogos de artif&iacute;cio em diversos munic&iacute;pios pernambucanos, neste m&ecirc;s de junho, o n&uacute;mero de queimaduras acidentais registradas diminuiu. No ano passado, do dia de Santo Ant&ocirc;nio (13) at&eacute; o S&atilde;o Jo&atilde;o, o Hospital da Restaura&ccedil;&atilde;o, no Recife, recebeu 59 pacientes queimados. Neste ano, no mesmo per&iacute;odo, a &#8230; <a title=\"Com pandemia, registro de queimados no S\u00e3o Jo\u00e3o cai 88% em hospital do Recife\" class=\"read-more\" href=\"https:\/\/afogadosonline.com.br\/index.php\/2020\/06\/25\/com-pandemia-registro-de-queimados-no-sao-joao-cai-88-em-hospital-do-recife\/\" aria-label=\"Read more about Com pandemia, registro de queimados no S\u00e3o Jo\u00e3o cai 88% em hospital do Recife\">Ler mais<\/a><\/p>\n","protected":false},"author":2,"featured_media":0,"comment_status":"open","ping_status":"open","sticky":false,"template":"","format":"standard","meta":{"footnotes":""},"categories":[2],"tags":[],"class_list":["post-12080","post","type-post","status-publish","format-standard","hentry","category-uncategorised"],"_links":{"self":[{"href":"https:\/\/afogadosonline.com.br\/index.php\/wp-json\/wp\/v2\/posts\/12080"}],"collection":[{"href":"https:\/\/afogadosonline.com.br\/index.php\/wp-json\/wp\/v2\/posts"}],"about":[{"href":"https:\/\/afogadosonline.com.br\/index.php\/wp-json\/wp\/v2\/types\/post"}],"author":[{"embeddable":true,"href":"https:\/\/afogadosonline.com.br\/index.php\/wp-json\/wp\/v2\/users\/2"}],"replies":[{"embeddable":true,"href":"https:\/\/afogadosonline.com.br\/index.php\/wp-json\/wp\/v2\/comments?post=12080"}],"version-history":[{"count":1,"href":"https:\/\/afogadosonline.com.br\/index.php\/wp-json\/wp\/v2\/posts\/12080\/revisions"}],"predecessor-version":[{"id":12081,"href":"https:\/\/afogadosonline.com.br\/index.php\/wp-json\/wp\/v2\/posts\/12080\/revisions\/12081"}],"wp:attachment":[{"href":"https:\/\/afogadosonline.com.br\/index.php\/wp-json\/wp\/v2\/media?parent=12080"}],"wp:term":[{"taxonomy":"category","embeddable":true,"href":"https:\/\/afogadosonline.com.br\/index.php\/wp-json\/wp\/v2\/categories?post=12080"},{"taxonomy":"post_tag","embeddable":true,"href":"https:\/\/afogadosonline.com.br\/index.php\/wp-json\/wp\/v2\/tags?post=12080"}],"curies":[{"name":"wp","href":"https:\/\/api.w.org\/{rel}","templated":true}]}}