{"id":12074,"date":"2020-06-24T07:59:23","date_gmt":"2020-06-24T10:59:23","guid":{"rendered":"http:\/\/afogadosonline.com.br\/wp\/?p=12074"},"modified":"2020-06-24T07:59:23","modified_gmt":"2020-06-24T10:59:23","slug":"governo-de-pernambuco-decreta-quarentena-e-aumenta-restricoes-em-caruaru-e-bezerros","status":"publish","type":"post","link":"https:\/\/afogadosonline.com.br\/index.php\/2020\/06\/24\/governo-de-pernambuco-decreta-quarentena-e-aumenta-restricoes-em-caruaru-e-bezerros\/","title":{"rendered":"Governo de Pernambuco decreta quarentena e aumenta restri\u00e7\u00f5es em Caruaru e Bezerros"},"content":{"rendered":"<p><img fetchpriority=\"high\" decoding=\"async\" class=\"n3VNCb aligncenter\" src=\"https:\/\/imagens.ne10.uol.com.br\/img\/imagens\/2020\/01\/03\/9244c4ced4_crescimento-caruaru.jpg\" alt=\"Caruaru registra primeira morte por coronav\u00edrus; casos sobem para ...\" width=\"496\" height=\"272\" data-noaft=\"1\" \/><\/p>\n<p style=\"text-align: justify;\"><span style=\"font-family: verdana, geneva, sans-serif;\">Ao todo, ser\u00e3o dez dias de quarentena &#8211; do dia 26 de junho a 5 de julho. Esse \u00e9 o prazo determinado pelo Governo de Pernambuco para a popula\u00e7\u00e3o dos munic\u00edpios de Caruaru e Bezerros ficarem em quarentena. As pessoas s\u00f3 podem sair de casa para ir aos supermercados, farm\u00e1cias, padarias, postos de gasolina e servi\u00e7os de sa\u00fade, ou seja, servi\u00e7os considerados essenciais.<\/span><\/p>\n<p style=\"text-align: justify;\"><span style=\"font-family: verdana, geneva, sans-serif;\">Al\u00e9m desses setores, tamb\u00e9m ser\u00e1 o funcionamento das atividades industriais, da constru\u00e7\u00e3o civil (com 50% da capacidade) e de restaurantes para delivery.<\/span><\/p>\n<p style=\"text-align: justify;\"><span style=\"font-family: verdana, geneva, sans-serif;\">De acordo com a Secret\u00e1ria Estadual de Sa\u00fade (SES-PE), a regi\u00e3o registrou aumento expressivo na propaga\u00e7\u00e3o do novo coronav\u00edrus, em contram\u00e3o a queda do n\u00famero de pessoas infectadas e de mortes nos outros munic\u00edpios. Ainda segundo a SES-PE, as duas cidades foram respons\u00e1veis por 71% do aumento de casos de S\u00edndrome Respirat\u00f3ria Aguda Grave (SRAG) no Agreste, na \u00faltima semana.<\/span><\/p>\n","protected":false},"excerpt":{"rendered":"<p>Ao todo, ser&atilde;o dez dias de quarentena &ndash; do dia 26 de junho a 5 de julho. Esse &eacute; o prazo determinado pelo Governo de Pernambuco para a popula&ccedil;&atilde;o dos munic&iacute;pios de Caruaru e Bezerros ficarem em quarentena. As pessoas s&oacute; podem sair de casa para ir aos supermercados, farm&aacute;cias, padarias, postos de gasolina e &#8230; <a title=\"Governo de Pernambuco decreta quarentena e aumenta restri\u00e7\u00f5es em Caruaru e Bezerros\" class=\"read-more\" href=\"https:\/\/afogadosonline.com.br\/index.php\/2020\/06\/24\/governo-de-pernambuco-decreta-quarentena-e-aumenta-restricoes-em-caruaru-e-bezerros\/\" aria-label=\"Read more about Governo de Pernambuco decreta quarentena e aumenta restri\u00e7\u00f5es em Caruaru e Bezerros\">Ler mais<\/a><\/p>\n","protected":false},"author":2,"featured_media":0,"comment_status":"open","ping_status":"open","sticky":false,"template":"","format":"standard","meta":{"footnotes":""},"categories":[2],"tags":[],"class_list":["post-12074","post","type-post","status-publish","format-standard","hentry","category-uncategorised"],"_links":{"self":[{"href":"https:\/\/afogadosonline.com.br\/index.php\/wp-json\/wp\/v2\/posts\/12074"}],"collection":[{"href":"https:\/\/afogadosonline.com.br\/index.php\/wp-json\/wp\/v2\/posts"}],"about":[{"href":"https:\/\/afogadosonline.com.br\/index.php\/wp-json\/wp\/v2\/types\/post"}],"author":[{"embeddable":true,"href":"https:\/\/afogadosonline.com.br\/index.php\/wp-json\/wp\/v2\/users\/2"}],"replies":[{"embeddable":true,"href":"https:\/\/afogadosonline.com.br\/index.php\/wp-json\/wp\/v2\/comments?post=12074"}],"version-history":[{"count":1,"href":"https:\/\/afogadosonline.com.br\/index.php\/wp-json\/wp\/v2\/posts\/12074\/revisions"}],"predecessor-version":[{"id":12075,"href":"https:\/\/afogadosonline.com.br\/index.php\/wp-json\/wp\/v2\/posts\/12074\/revisions\/12075"}],"wp:attachment":[{"href":"https:\/\/afogadosonline.com.br\/index.php\/wp-json\/wp\/v2\/media?parent=12074"}],"wp:term":[{"taxonomy":"category","embeddable":true,"href":"https:\/\/afogadosonline.com.br\/index.php\/wp-json\/wp\/v2\/categories?post=12074"},{"taxonomy":"post_tag","embeddable":true,"href":"https:\/\/afogadosonline.com.br\/index.php\/wp-json\/wp\/v2\/tags?post=12074"}],"curies":[{"name":"wp","href":"https:\/\/api.w.org\/{rel}","templated":true}]}}