{"id":12071,"date":"2020-06-24T07:55:54","date_gmt":"2020-06-24T10:55:54","guid":{"rendered":"http:\/\/afogadosonline.com.br\/wp\/?p=12071"},"modified":"2020-06-24T07:55:54","modified_gmt":"2020-06-24T10:55:54","slug":"senado-aprova-adiar-eleicoes-municipais-para-novembro-sem-estender-mandatos","status":"publish","type":"post","link":"https:\/\/afogadosonline.com.br\/index.php\/2020\/06\/24\/senado-aprova-adiar-eleicoes-municipais-para-novembro-sem-estender-mandatos\/","title":{"rendered":"Senado aprova adiar elei\u00e7\u00f5es municipais para novembro sem estender mandatos"},"content":{"rendered":"<p><img fetchpriority=\"high\" decoding=\"async\" class=\"wp-image-12072 aligncenter\" src=\"http:\/\/afogadosonline.com.br\/wp\/wp-content\/uploads\/2020\/06\/elei\u00e7ao.jpg\" alt=\"\" width=\"497\" height=\"287\" srcset=\"https:\/\/afogadosonline.com.br\/wp-content\/uploads\/2020\/06\/elei\u00e7ao.jpg 865w, https:\/\/afogadosonline.com.br\/wp-content\/uploads\/2020\/06\/elei\u00e7ao-300x173.jpg 300w, https:\/\/afogadosonline.com.br\/wp-content\/uploads\/2020\/06\/elei\u00e7ao-768x444.jpg 768w\" sizes=\"(max-width: 497px) 100vw, 497px\" \/><\/p>\n<p style=\"text-align: justify;\"><span style=\"font-family: verdana, geneva, sans-serif;\">O Senado aprovou nesta ter\u00e7a (23), em dois turnos de vota\u00e7\u00f5es, a PEC (Proposta de Emenda \u00e0 Constitui\u00e7\u00e3o) que adia as elei\u00e7\u00f5es municipais de 2020, de outubro para novembro deste ano, sem a extens\u00e3o de mandatos de prefeitos, vice-prefeitos e vereadores.<\/span><\/p>\n<p style=\"text-align: justify;\"><span style=\"font-family: verdana, geneva, sans-serif;\">A iniciativa foi tomada para reduzir os riscos \u00e0 sa\u00fade da popula\u00e7\u00e3o em meio \u00e0 pandemia do coronav\u00edrus, que j\u00e1 matou mais de 51 mil pessoas no Brasil e \u00e9 agravada com aglomera\u00e7\u00f5es.<\/span><\/p>\n<p style=\"text-align: justify;\"><span style=\"font-family: verdana, geneva, sans-serif;\">Segundo a vers\u00e3o aprovada da proposta, as elei\u00e7\u00f5es municipais passar\u00e3o a ter o primeiro turno em 15 de novembro e o segundo turno em 29 de novembro de 2020. O atual calend\u00e1rio do TSE (Tribunal Superior Eleitoral) prev\u00ea que o primeiro e o segundo turnos das elei\u00e7\u00f5es municipais de 2020 sejam realizados em 4 e 25 de outubro, respectivamente. O pr\u00f3prio tribunal apoia o adiamento do pleito, desde que promovido ainda neste ano, e articulou a mudan\u00e7a junto a parlamentares e especialistas eleitorais e sanit\u00e1rios.<\/span><\/p>\n<p style=\"text-align: justify;\"><span style=\"font-family: verdana, geneva, sans-serif;\">O texto agora segue para a C\u00e2mara dos Deputados, onde tamb\u00e9m precisa ser aprovado em dois turnos. Se receber o aval dos deputados, vai \u00e0 promulga\u00e7\u00e3o do Congresso Nacional.<\/span><\/p>\n","protected":false},"excerpt":{"rendered":"<p>O Senado aprovou nesta ter&ccedil;a (23), em dois turnos de vota&ccedil;&otilde;es, a PEC (Proposta de Emenda &agrave; Constitui&ccedil;&atilde;o) que adia as elei&ccedil;&otilde;es municipais de 2020, de outubro para novembro deste ano, sem a extens&atilde;o de mandatos de prefeitos, vice-prefeitos e vereadores. A iniciativa foi tomada para reduzir os riscos &agrave; sa&uacute;de da popula&ccedil;&atilde;o em meio &#8230; <a title=\"Senado aprova adiar elei\u00e7\u00f5es municipais para novembro sem estender mandatos\" class=\"read-more\" href=\"https:\/\/afogadosonline.com.br\/index.php\/2020\/06\/24\/senado-aprova-adiar-eleicoes-municipais-para-novembro-sem-estender-mandatos\/\" aria-label=\"Read more about Senado aprova adiar elei\u00e7\u00f5es municipais para novembro sem estender mandatos\">Ler mais<\/a><\/p>\n","protected":false},"author":2,"featured_media":0,"comment_status":"open","ping_status":"open","sticky":false,"template":"","format":"standard","meta":{"footnotes":""},"categories":[2],"tags":[],"class_list":["post-12071","post","type-post","status-publish","format-standard","hentry","category-uncategorised"],"_links":{"self":[{"href":"https:\/\/afogadosonline.com.br\/index.php\/wp-json\/wp\/v2\/posts\/12071"}],"collection":[{"href":"https:\/\/afogadosonline.com.br\/index.php\/wp-json\/wp\/v2\/posts"}],"about":[{"href":"https:\/\/afogadosonline.com.br\/index.php\/wp-json\/wp\/v2\/types\/post"}],"author":[{"embeddable":true,"href":"https:\/\/afogadosonline.com.br\/index.php\/wp-json\/wp\/v2\/users\/2"}],"replies":[{"embeddable":true,"href":"https:\/\/afogadosonline.com.br\/index.php\/wp-json\/wp\/v2\/comments?post=12071"}],"version-history":[{"count":1,"href":"https:\/\/afogadosonline.com.br\/index.php\/wp-json\/wp\/v2\/posts\/12071\/revisions"}],"predecessor-version":[{"id":12073,"href":"https:\/\/afogadosonline.com.br\/index.php\/wp-json\/wp\/v2\/posts\/12071\/revisions\/12073"}],"wp:attachment":[{"href":"https:\/\/afogadosonline.com.br\/index.php\/wp-json\/wp\/v2\/media?parent=12071"}],"wp:term":[{"taxonomy":"category","embeddable":true,"href":"https:\/\/afogadosonline.com.br\/index.php\/wp-json\/wp\/v2\/categories?post=12071"},{"taxonomy":"post_tag","embeddable":true,"href":"https:\/\/afogadosonline.com.br\/index.php\/wp-json\/wp\/v2\/tags?post=12071"}],"curies":[{"name":"wp","href":"https:\/\/api.w.org\/{rel}","templated":true}]}}