{"id":12061,"date":"2020-06-23T08:34:20","date_gmt":"2020-06-23T11:34:20","guid":{"rendered":"http:\/\/afogadosonline.com.br\/wp\/?p=12061"},"modified":"2020-06-23T08:34:20","modified_gmt":"2020-06-23T11:34:20","slug":"coronavirus-agreste-preocupa-secretaria-de-saude-de-pe","status":"publish","type":"post","link":"https:\/\/afogadosonline.com.br\/index.php\/2020\/06\/23\/coronavirus-agreste-preocupa-secretaria-de-saude-de-pe\/","title":{"rendered":"Coronav\u00edrus: Agreste preocupa Secretaria de Sa\u00fade de PE"},"content":{"rendered":"<p><img fetchpriority=\"high\" decoding=\"async\" class=\"n3VNCb aligncenter\" src=\"https:\/\/s2.glbimg.com\/YEZ-qGbX9-mkge_xv3gnEMNk6Z0=\/0x0:1220x686\/984x0\/smart\/filters:strip_icc()\/i.s3.glbimg.com\/v1\/AUTH_59edd422c0c84a879bd37670ae4f538a\/internal_photos\/bs\/2020\/c\/k\/zACB6kRfuwiJF5ePCBYA\/uti.jpg\" alt=\"A matem\u00e1tica das UTIs: 3 desafios para evitar que falte cuidado ...\" width=\"495\" height=\"278\" data-noaft=\"1\" \/><\/p>\n<p style=\"text-align: justify;\"><span style=\"font-family: verdana, geneva, sans-serif;\">A taxa de cont\u00e1gio da covid-19, utilizada para apontar o risco de transmiss\u00e3o do novo coronav\u00edrus, manteve-se em 0.9 em Pernambuco por cerca de 20 dias seguidos. Neste momento de continuidade da retomada das atividades econ\u00f4micas e sociais na maior parte do Estado, esse \u00edndice volta a ficar acima de 1, segundo levantamentos distintos feitos pelo Instituto para Redu\u00e7\u00e3o de Riscos e Desastres de Pernambuco, da Universidade Federal Rural de Pernambuco; pela Escola de Higiene e Medicina Tropical da Universidade de Londres; e pelo grupo Covid-19 Analytics, da Pontif\u00edcia Universidade Cat\u00f3lica do Rio. Para o secret\u00e1rio de Sa\u00fade de Pernambuco, Andr\u00e9 Longo, a curva epid\u00eamica da covid-19 no Agreste contribui com a eleva\u00e7\u00e3o desse indicador, que considera vari\u00e1veis como o n\u00famero de casos confirmados diariamente, o volume de pacientes recuperados e os casos em tratamento.<\/span><\/p>\n<p style=\"text-align: justify;\"><span style=\"font-family: verdana, geneva, sans-serif;\">\u201cClaramente o Agreste est\u00e1 puxando a taxa de transmiss\u00e3o do Estado para cima, enquanto a Regi\u00e3o Metropolitana do Recife tem um \u00edndice ainda fruto do processo de isolamento\u201d, frisou Longo, em entrevista coletiva transmitida pela internet nesta segunda-feira (22). Preocupado com o crescimento de novas infec\u00e7\u00f5es e \u00f3bitos em cidades que fazem parte da 4\u00aa Regional de Sa\u00fade, que tem Caruaru como sede, o secret\u00e1rio informou que est\u00e1 previsto para esta ter\u00e7a-feira (23) o an\u00fancio de medidas, a partir da avalia\u00e7\u00e3o do Comit\u00ea de Enfrentamento ao Coronav\u00edrus, em rela\u00e7\u00e3o aos pr\u00f3ximos passos para o Agreste. \u201cNosso grande esfor\u00e7o tem que ser para reduzir o n\u00famero de doentes graves, que, quando chega \u00e0 UTI (unidade de terapia intensiva), tem mortalidade alta. Para isso, precisamos reduzir a transmiss\u00e3o da doen\u00e7a. Infelizmente temos visto o funcionamento de \u00e1reas do com\u00e9rcio que n\u00e3o eram para estar em atividade. H\u00e1 uma preocupa\u00e7\u00e3o com o funcionamento desordenado da Feira da Sulanca (em Caruaru). Precisamos, enquanto Estado, adotar medidas junto com o munic\u00edpio\u201d, acrescentou.<\/span><\/p>\n","protected":false},"excerpt":{"rendered":"<p>A taxa de cont&aacute;gio da covid-19, utilizada para apontar o risco de transmiss&atilde;o do novo coronav&iacute;rus, manteve-se em 0.9 em Pernambuco por cerca de 20 dias seguidos. Neste momento de continuidade da retomada das atividades econ&ocirc;micas e sociais na maior parte do Estado, esse &iacute;ndice volta a ficar acima de 1, segundo levantamentos distintos feitos &#8230; <a title=\"Coronav\u00edrus: Agreste preocupa Secretaria de Sa\u00fade de PE\" class=\"read-more\" href=\"https:\/\/afogadosonline.com.br\/index.php\/2020\/06\/23\/coronavirus-agreste-preocupa-secretaria-de-saude-de-pe\/\" aria-label=\"Read more about Coronav\u00edrus: Agreste preocupa Secretaria de Sa\u00fade de PE\">Ler mais<\/a><\/p>\n","protected":false},"author":2,"featured_media":0,"comment_status":"open","ping_status":"open","sticky":false,"template":"","format":"standard","meta":{"footnotes":""},"categories":[2],"tags":[],"class_list":["post-12061","post","type-post","status-publish","format-standard","hentry","category-uncategorised"],"_links":{"self":[{"href":"https:\/\/afogadosonline.com.br\/index.php\/wp-json\/wp\/v2\/posts\/12061"}],"collection":[{"href":"https:\/\/afogadosonline.com.br\/index.php\/wp-json\/wp\/v2\/posts"}],"about":[{"href":"https:\/\/afogadosonline.com.br\/index.php\/wp-json\/wp\/v2\/types\/post"}],"author":[{"embeddable":true,"href":"https:\/\/afogadosonline.com.br\/index.php\/wp-json\/wp\/v2\/users\/2"}],"replies":[{"embeddable":true,"href":"https:\/\/afogadosonline.com.br\/index.php\/wp-json\/wp\/v2\/comments?post=12061"}],"version-history":[{"count":1,"href":"https:\/\/afogadosonline.com.br\/index.php\/wp-json\/wp\/v2\/posts\/12061\/revisions"}],"predecessor-version":[{"id":12062,"href":"https:\/\/afogadosonline.com.br\/index.php\/wp-json\/wp\/v2\/posts\/12061\/revisions\/12062"}],"wp:attachment":[{"href":"https:\/\/afogadosonline.com.br\/index.php\/wp-json\/wp\/v2\/media?parent=12061"}],"wp:term":[{"taxonomy":"category","embeddable":true,"href":"https:\/\/afogadosonline.com.br\/index.php\/wp-json\/wp\/v2\/categories?post=12061"},{"taxonomy":"post_tag","embeddable":true,"href":"https:\/\/afogadosonline.com.br\/index.php\/wp-json\/wp\/v2\/tags?post=12061"}],"curies":[{"name":"wp","href":"https:\/\/api.w.org\/{rel}","templated":true}]}}