{"id":12059,"date":"2020-06-23T07:51:03","date_gmt":"2020-06-23T10:51:03","guid":{"rendered":"http:\/\/afogadosonline.com.br\/wp\/?p=12059"},"modified":"2020-06-23T07:51:03","modified_gmt":"2020-06-23T10:51:03","slug":"presidente-do-tse-e-contra-voto-facultativo-para-eleicoes-2020","status":"publish","type":"post","link":"https:\/\/afogadosonline.com.br\/index.php\/2020\/06\/23\/presidente-do-tse-e-contra-voto-facultativo-para-eleicoes-2020\/","title":{"rendered":"Presidente do TSE \u00e9 contra voto facultativo para Elei\u00e7\u00f5es 2020"},"content":{"rendered":"<p><img fetchpriority=\"high\" decoding=\"async\" class=\"entry-thumb td-animation-stack-type0-1 aligncenter\" title=\"barroso-posse-presidente-tse\" src=\"https:\/\/portalcorreio.com.br\/wp-content\/uploads\/2020\/04\/ministro-eleito-presidente-tse.jpeg\" sizes=\"(max-width: 543px) 100vw, 543px\" srcset=\"https:\/\/portalcorreio.com.br\/wp-content\/uploads\/2020\/04\/ministro-eleito-presidente-tse.jpeg 543w, https:\/\/portalcorreio.com.br\/wp-content\/uploads\/2020\/04\/ministro-eleito-presidente-tse-300x145.jpeg 300w, https:\/\/portalcorreio.com.br\/wp-content\/uploads\/2020\/04\/ministro-eleito-presidente-tse-128x62.jpeg 128w, https:\/\/portalcorreio.com.br\/wp-content\/uploads\/2020\/04\/ministro-eleito-presidente-tse-32x15.jpeg 32w\" alt=\"Presidente, TSE\" width=\"493\" height=\"239\" \/><\/p>\n<p style=\"text-align: justify;\"><span style=\"font-family: verdana, geneva, sans-serif;\">O presidente do Tribunal Superior Eleitoral (TSE), ministro Lu\u00eds Roberto Barroso, afirmou que, neste momento, ainda n\u00e3o cabe discutir voto facultativo e que alguns prazos m\u00f3veis do calend\u00e1rio eleitoral podem ser modificados, caso a data das elei\u00e7\u00f5es seja adiada para 15 de novembro (1\u00ba turno).<\/span><\/p>\n<p style=\"text-align: justify;\"><span style=\"font-family: verdana, geneva, sans-serif;\">Ele participou na tarde desta segunda-feira (22) de uma sess\u00e3o tem\u00e1tica no Senado Federal, sob o comando do senador Weverton Rocha, que \u00e9 relator da Proposta de Emenda Constitucional 18\/2020, que discute o adiamento ou n\u00e3o das datas das elei\u00e7\u00f5es.<\/span><\/p>\n<p style=\"text-align: justify;\"><span style=\"font-family: verdana, geneva, sans-serif;\">Entre os prazos m\u00f3veis que podem ser modificados est\u00e3o: hor\u00e1rio eleitoral gratuito no r\u00e1dio e na TV; convoca\u00e7\u00e3o de mes\u00e1rios; o prazo de desincompatibiliza\u00e7\u00e3o dos servidores municipais; condutas vedadas e a publicidade institucional, que \u00e9 um questionamento dos prefeitos, sobretudo por conta das a\u00e7\u00f5es voltadas para o combate ao novo coronav\u00edrus. \u201cN\u00e3o seria um problema para o Tribunal mexer nesses prazos\u201d.<\/span><\/p>\n<p style=\"text-align: justify;\"><span style=\"font-family: verdana, geneva, sans-serif;\">Sobre o voto facultativo, o ministro Barroso explicou que ete momento pelo qual passa o pa\u00eds \u2013 de pandemia \u2013 n\u00e3o favorece a essa discuss\u00e3o, mas que em outra oportunidade poder\u00e1 ser feita. Ele teme que possa haver uma deslegitima\u00e7\u00e3o dos candidatos a depender do n\u00famero de absten\u00e7\u00f5es. \u201cN\u00f3s faremos de tudo para que o pleito ocorra em seguran\u00e7a, do ponto de vista sanit\u00e1rio\u201d.<\/span><\/p>\n<p style=\"text-align: justify;\"><span style=\"font-family: verdana, geneva, sans-serif;\">O presidente da Corte Eleitoral disse ser poss\u00edvel haver uma anistia de voto para aqueles que n\u00e3o se sentirem seguros em sair de casa para votar, devido \u00e0 pandemia. Mas, essas pessoas teriam que justificar.<\/span><\/p>\n","protected":false},"excerpt":{"rendered":"<p>O presidente do Tribunal Superior Eleitoral (TSE), ministro Lu&iacute;s Roberto Barroso, afirmou que, neste momento, ainda n&atilde;o cabe discutir voto facultativo e que alguns prazos m&oacute;veis do calend&aacute;rio eleitoral podem ser modificados, caso a data das elei&ccedil;&otilde;es seja adiada para 15 de novembro (1&ordm; turno). Ele participou na tarde desta segunda-feira (22) de uma sess&atilde;o &#8230; <a title=\"Presidente do TSE \u00e9 contra voto facultativo para Elei\u00e7\u00f5es 2020\" class=\"read-more\" href=\"https:\/\/afogadosonline.com.br\/index.php\/2020\/06\/23\/presidente-do-tse-e-contra-voto-facultativo-para-eleicoes-2020\/\" aria-label=\"Read more about Presidente do TSE \u00e9 contra voto facultativo para Elei\u00e7\u00f5es 2020\">Ler mais<\/a><\/p>\n","protected":false},"author":2,"featured_media":0,"comment_status":"open","ping_status":"open","sticky":false,"template":"","format":"standard","meta":{"footnotes":""},"categories":[2],"tags":[],"class_list":["post-12059","post","type-post","status-publish","format-standard","hentry","category-uncategorised"],"_links":{"self":[{"href":"https:\/\/afogadosonline.com.br\/index.php\/wp-json\/wp\/v2\/posts\/12059"}],"collection":[{"href":"https:\/\/afogadosonline.com.br\/index.php\/wp-json\/wp\/v2\/posts"}],"about":[{"href":"https:\/\/afogadosonline.com.br\/index.php\/wp-json\/wp\/v2\/types\/post"}],"author":[{"embeddable":true,"href":"https:\/\/afogadosonline.com.br\/index.php\/wp-json\/wp\/v2\/users\/2"}],"replies":[{"embeddable":true,"href":"https:\/\/afogadosonline.com.br\/index.php\/wp-json\/wp\/v2\/comments?post=12059"}],"version-history":[{"count":1,"href":"https:\/\/afogadosonline.com.br\/index.php\/wp-json\/wp\/v2\/posts\/12059\/revisions"}],"predecessor-version":[{"id":12060,"href":"https:\/\/afogadosonline.com.br\/index.php\/wp-json\/wp\/v2\/posts\/12059\/revisions\/12060"}],"wp:attachment":[{"href":"https:\/\/afogadosonline.com.br\/index.php\/wp-json\/wp\/v2\/media?parent=12059"}],"wp:term":[{"taxonomy":"category","embeddable":true,"href":"https:\/\/afogadosonline.com.br\/index.php\/wp-json\/wp\/v2\/categories?post=12059"},{"taxonomy":"post_tag","embeddable":true,"href":"https:\/\/afogadosonline.com.br\/index.php\/wp-json\/wp\/v2\/tags?post=12059"}],"curies":[{"name":"wp","href":"https:\/\/api.w.org\/{rel}","templated":true}]}}