{"id":12057,"date":"2020-06-23T07:43:48","date_gmt":"2020-06-23T10:43:48","guid":{"rendered":"http:\/\/afogadosonline.com.br\/wp\/?p=12057"},"modified":"2020-06-23T07:43:48","modified_gmt":"2020-06-23T10:43:48","slug":"com-menor-numero-de-obitos-por-covid-19-em-dois-meses-secretaria-de-saude-de-pe-recomenda-cautela","status":"publish","type":"post","link":"https:\/\/afogadosonline.com.br\/index.php\/2020\/06\/23\/com-menor-numero-de-obitos-por-covid-19-em-dois-meses-secretaria-de-saude-de-pe-recomenda-cautela\/","title":{"rendered":"Com menor n\u00famero de \u00f3bitos por Covid-19 em dois meses, Secretaria de Sa\u00fade de PE recomenda cautela"},"content":{"rendered":"<p><img fetchpriority=\"high\" decoding=\"async\" class=\"img-fluid aligncenter\" title=\"Jailson Correira e Andre Longo em coletiva nesta segunda (22) (Foto: Helia Scheppa \/ SEI)\" src=\"https:\/\/www.diariodepernambuco.com.br\/static\/app\/noticia_127983242361\/2020\/06\/22\/832833\/20200622202541334742o.jpg\" alt=\"Jailson Correira e Andre Longo em coletiva nesta segunda (22) (Foto: Helia Scheppa \/ SEI)\" width=\"495\" height=\"318\" border=\"0\" \/><\/p>\n<p style=\"text-align: justify;\"><span style=\"font-family: verdana, geneva, sans-serif;\">O secret\u00e1rio estadual de Sa\u00fade, Andr\u00e9 Longo, e o secret\u00e1rio de Sa\u00fade do Recife, Jailson Correia, deram entrevista coletiva sobre a pandemia de Covid-19 em Pernambuco e na capital do Estado nesta segunda-feira (22). Hoje, Pernambuco confirmou 18 mortes nas \u00faltimas 24 horas, o menor n\u00famero em dois meses. Longo, no entanto, ressaltou que n\u00e3o \u00e9 algo a se comemorar.<\/span><\/p>\n<p style=\"text-align: justify;\"><span style=\"font-family: verdana, geneva, sans-serif;\">\u201c\u00c9 um n\u00famero pequeno se pegarmos a s\u00e9rie hist\u00f3rica, comparado a outros, mas n\u00e3o pode servir de refer\u00eancia. Na verdade a gente tem buscado refor\u00e7ar que este n\u00famero n\u00e3o reflete necessariamente o que houve nas \u00faltimas 24 horas. Esse n\u00famero precisa ser distribu\u00eddo ao longo dos dias. \u00c9 necess\u00e1rio observar as m\u00e9dias m\u00f3veis e semanas epidemiol\u00f3gicas. \u00c9 fato que existe uma redu\u00e7\u00e3o sustentada no n\u00famero de \u00f3bitos em rela\u00e7\u00e3o ao pico das mortes, na primeira quinzena de maio, mas o v\u00edrus ainda est\u00e1 entre n\u00f3s\u201d, afirmou Andr\u00e9 Longo.<\/span><\/p>\n","protected":false},"excerpt":{"rendered":"<p>O secret&aacute;rio estadual de Sa&uacute;de, Andr&eacute; Longo, e o secret&aacute;rio de Sa&uacute;de do Recife, Jailson Correia, deram entrevista coletiva sobre a pandemia de Covid-19 em Pernambuco e na capital do Estado nesta segunda-feira (22). Hoje, Pernambuco confirmou 18 mortes nas &uacute;ltimas 24 horas, o menor n&uacute;mero em dois meses. Longo, no entanto, ressaltou que n&atilde;o &#8230; <a title=\"Com menor n\u00famero de \u00f3bitos por Covid-19 em dois meses, Secretaria de Sa\u00fade de PE recomenda cautela\" class=\"read-more\" href=\"https:\/\/afogadosonline.com.br\/index.php\/2020\/06\/23\/com-menor-numero-de-obitos-por-covid-19-em-dois-meses-secretaria-de-saude-de-pe-recomenda-cautela\/\" aria-label=\"Read more about Com menor n\u00famero de \u00f3bitos por Covid-19 em dois meses, Secretaria de Sa\u00fade de PE recomenda cautela\">Ler mais<\/a><\/p>\n","protected":false},"author":2,"featured_media":0,"comment_status":"open","ping_status":"open","sticky":false,"template":"","format":"standard","meta":{"footnotes":""},"categories":[2],"tags":[],"class_list":["post-12057","post","type-post","status-publish","format-standard","hentry","category-uncategorised"],"_links":{"self":[{"href":"https:\/\/afogadosonline.com.br\/index.php\/wp-json\/wp\/v2\/posts\/12057"}],"collection":[{"href":"https:\/\/afogadosonline.com.br\/index.php\/wp-json\/wp\/v2\/posts"}],"about":[{"href":"https:\/\/afogadosonline.com.br\/index.php\/wp-json\/wp\/v2\/types\/post"}],"author":[{"embeddable":true,"href":"https:\/\/afogadosonline.com.br\/index.php\/wp-json\/wp\/v2\/users\/2"}],"replies":[{"embeddable":true,"href":"https:\/\/afogadosonline.com.br\/index.php\/wp-json\/wp\/v2\/comments?post=12057"}],"version-history":[{"count":1,"href":"https:\/\/afogadosonline.com.br\/index.php\/wp-json\/wp\/v2\/posts\/12057\/revisions"}],"predecessor-version":[{"id":12058,"href":"https:\/\/afogadosonline.com.br\/index.php\/wp-json\/wp\/v2\/posts\/12057\/revisions\/12058"}],"wp:attachment":[{"href":"https:\/\/afogadosonline.com.br\/index.php\/wp-json\/wp\/v2\/media?parent=12057"}],"wp:term":[{"taxonomy":"category","embeddable":true,"href":"https:\/\/afogadosonline.com.br\/index.php\/wp-json\/wp\/v2\/categories?post=12057"},{"taxonomy":"post_tag","embeddable":true,"href":"https:\/\/afogadosonline.com.br\/index.php\/wp-json\/wp\/v2\/tags?post=12057"}],"curies":[{"name":"wp","href":"https:\/\/api.w.org\/{rel}","templated":true}]}}