{"id":12055,"date":"2020-06-23T07:41:38","date_gmt":"2020-06-23T10:41:38","guid":{"rendered":"http:\/\/afogadosonline.com.br\/wp\/?p=12055"},"modified":"2020-06-23T07:41:38","modified_gmt":"2020-06-23T10:41:38","slug":"1-a-cada-5-cidades-do-brasil-tem-crescimento-acelerado-de-casos-de-covid-19","status":"publish","type":"post","link":"https:\/\/afogadosonline.com.br\/index.php\/2020\/06\/23\/1-a-cada-5-cidades-do-brasil-tem-crescimento-acelerado-de-casos-de-covid-19\/","title":{"rendered":"1 a cada 5 cidades do Brasil tem crescimento acelerado de casos de Covid-19"},"content":{"rendered":"<p><img fetchpriority=\"high\" decoding=\"async\" class=\"n3VNCb aligncenter\" src=\"https:\/\/s2.glbimg.com\/BgnjOt9fCiY7ZTAHuZcupsoQRVU=\/0x0:702x440\/984x0\/smart\/filters:strip_icc()\/i.s3.glbimg.com\/v1\/AUTH_59edd422c0c84a879bd37670ae4f538a\/internal_photos\/bs\/2020\/w\/P\/sOmOMwTsWW3Lklv5omgQ\/covi.png\" alt=\"DF tem mais oito mortes por Covid-19 e total chega a 413; casos ...\" width=\"496\" height=\"311\" data-noaft=\"1\" \/><\/p>\n<p style=\"text-align: justify;\"><span style=\"font-family: verdana, geneva, sans-serif;\">Com quatro meses desde o registro do primeiro caso de Covid-19, a se completarem nesta quinta (25), 1 a cada cinco cidades do pa\u00eds ainda registra crescimento acelerado de casos do novo coronav\u00edrus. Em apenas 3% a dissemina\u00e7\u00e3o da doen\u00e7a come\u00e7a a regredir.<\/span><\/p>\n<p style=\"text-align: justify;\"><span style=\"font-family: verdana, geneva, sans-serif;\">Entre as 27 capitais, 20 t\u00eam visto o n\u00famero de novos registros aumentar com velocidade, em um momento em que prefeitos e governadores t\u00eam flexibilizado as medidas que preveem isolamento social e fechamento do com\u00e9rcio. Apenas uma, Recife, est\u00e1 em fase de desacelera\u00e7\u00e3o da doen\u00e7a.<\/span><\/p>\n<p style=\"text-align: justify;\"><span style=\"font-family: verdana, geneva, sans-serif;\">A conclus\u00e3o \u00e9 fruto de um modelo estat\u00edstico desenvolvido por dois dois pesquisadores da USP que mede a velocidade da epidemia e como ela muda ao longo do tempo.<\/span><\/p>\n<p style=\"text-align: justify;\"><span style=\"font-family: verdana, geneva, sans-serif;\">A metodologia tem como par\u00e2metro o n\u00famero de novos casos. S\u00e3o considerados registros dos \u00faltimos 30 dias. Foi desenvolvida por Renato Vicente, professor do Instituto de Matem\u00e1tica e membro do coletivo Covid Radar, que mapeia a doen\u00e7a, e Rodrigo Veiga, doutorando em f\u00edsica. Eles se basearam em um estudo de epidemiologistas da Unesp para desenvolver o projeto.<\/span><\/p>\n<p style=\"text-align: justify;\"><span style=\"font-family: verdana, geneva, sans-serif;\">A situa\u00e7\u00e3o em cada lugar \u00e9 dividida em cinco categorias: inicial, acelerada, est\u00e1vel, desacelera\u00e7\u00e3o e controlada.<\/span><\/p>\n<p style=\"text-align: justify;\"><span style=\"font-family: verdana, geneva, sans-serif;\">O est\u00e1gio inicial \u00e9 aquele em que s\u00e3o registrados os primeiros casos. S\u00e3o cidades em que houve pouco mais que um ou dois registros. A fase acelerada \u00e9 quando h\u00e1 aumento de novos casos. Na est\u00e1vel, por sua vez, o n\u00famero di\u00e1rio de novos casos \u00e9 constante.<\/span><\/p>\n<p style=\"text-align: justify;\"><span style=\"font-family: verdana, geneva, sans-serif;\">Se a quantidade de novos registros come\u00e7a a diminuir, ou seja, o ritmo de cont\u00e1gio desacelera, tem-se a etapa de desacelera\u00e7\u00e3o.<\/span><\/p>\n<p style=\"text-align: justify;\"><span style=\"font-family: verdana, geneva, sans-serif;\">Quando a dissemina\u00e7\u00e3o do v\u00edrus cede consistentemente, com poucos ou nenhum caso novo, chega-se \u00e0 fase denominada controlada. Nenhuma cidade brasileira est\u00e1 nesse est\u00e1gio no momento.<\/span><\/p>\n<p style=\"text-align: justify;\"><span style=\"font-family: verdana, geneva, sans-serif;\">Na quinta-feira (18), o Brasil tinha 1.138 cidades em situa\u00e7\u00e3o de crescimento acelerado da Covid-19. Isso equivale a 20% do total de munic\u00edpios brasileiros. Hoje, a doen\u00e7a chegou a 83% deles, um universo de 4.811 cidades.<\/span><\/p>\n<p style=\"text-align: justify;\"><span style=\"font-family: verdana, geneva, sans-serif;\">O estado com mais munic\u00edpios em fase de acelera\u00e7\u00e3o \u00e9 S\u00e3o Paulo (139, o que equivale a 22%), seguido do Cear\u00e1 (119, o que equivale a 65%).<\/span><\/p>\n","protected":false},"excerpt":{"rendered":"<p>Com quatro meses desde o registro do primeiro caso de Covid-19, a se completarem nesta quinta (25), 1 a cada cinco cidades do pa&iacute;s ainda registra crescimento acelerado de casos do novo coronav&iacute;rus. Em apenas 3% a dissemina&ccedil;&atilde;o da doen&ccedil;a come&ccedil;a a regredir. Entre as 27 capitais, 20 t&ecirc;m visto o n&uacute;mero de novos registros &#8230; <a title=\"1 a cada 5 cidades do Brasil tem crescimento acelerado de casos de Covid-19\" class=\"read-more\" href=\"https:\/\/afogadosonline.com.br\/index.php\/2020\/06\/23\/1-a-cada-5-cidades-do-brasil-tem-crescimento-acelerado-de-casos-de-covid-19\/\" aria-label=\"Read more about 1 a cada 5 cidades do Brasil tem crescimento acelerado de casos de Covid-19\">Ler mais<\/a><\/p>\n","protected":false},"author":2,"featured_media":0,"comment_status":"open","ping_status":"open","sticky":false,"template":"","format":"standard","meta":{"footnotes":""},"categories":[2],"tags":[],"class_list":["post-12055","post","type-post","status-publish","format-standard","hentry","category-uncategorised"],"_links":{"self":[{"href":"https:\/\/afogadosonline.com.br\/index.php\/wp-json\/wp\/v2\/posts\/12055"}],"collection":[{"href":"https:\/\/afogadosonline.com.br\/index.php\/wp-json\/wp\/v2\/posts"}],"about":[{"href":"https:\/\/afogadosonline.com.br\/index.php\/wp-json\/wp\/v2\/types\/post"}],"author":[{"embeddable":true,"href":"https:\/\/afogadosonline.com.br\/index.php\/wp-json\/wp\/v2\/users\/2"}],"replies":[{"embeddable":true,"href":"https:\/\/afogadosonline.com.br\/index.php\/wp-json\/wp\/v2\/comments?post=12055"}],"version-history":[{"count":1,"href":"https:\/\/afogadosonline.com.br\/index.php\/wp-json\/wp\/v2\/posts\/12055\/revisions"}],"predecessor-version":[{"id":12056,"href":"https:\/\/afogadosonline.com.br\/index.php\/wp-json\/wp\/v2\/posts\/12055\/revisions\/12056"}],"wp:attachment":[{"href":"https:\/\/afogadosonline.com.br\/index.php\/wp-json\/wp\/v2\/media?parent=12055"}],"wp:term":[{"taxonomy":"category","embeddable":true,"href":"https:\/\/afogadosonline.com.br\/index.php\/wp-json\/wp\/v2\/categories?post=12055"},{"taxonomy":"post_tag","embeddable":true,"href":"https:\/\/afogadosonline.com.br\/index.php\/wp-json\/wp\/v2\/tags?post=12055"}],"curies":[{"name":"wp","href":"https:\/\/api.w.org\/{rel}","templated":true}]}}