{"id":12051,"date":"2020-06-22T16:09:19","date_gmt":"2020-06-22T19:09:19","guid":{"rendered":"http:\/\/afogadosonline.com.br\/wp\/?p=12051"},"modified":"2020-06-22T16:09:19","modified_gmt":"2020-06-22T19:09:19","slug":"campeonato-pernambucano-pode-ser-definido-em-sede-unica","status":"publish","type":"post","link":"https:\/\/afogadosonline.com.br\/index.php\/2020\/06\/22\/campeonato-pernambucano-pode-ser-definido-em-sede-unica\/","title":{"rendered":"Campeonato Pernambucano pode ser definido em sede \u00fanica"},"content":{"rendered":"<p><img fetchpriority=\"high\" decoding=\"async\" class=\"aligncenter\" src=\"https:\/\/i2.wp.com\/www.radiopajeu.com.br\/portal\/wp-content\/uploads\/2020\/01\/AfogadosXDecisao.jpg?fit=853%2C568&amp;ssl=1\" alt=\"Afogados FC goleia Decis\u00e3o e assume lideran\u00e7a isolada do ...\" width=\"497\" height=\"331\" \/><\/p>\n<p style=\"text-align: justify;\"><span style=\"font-family: verdana, geneva, sans-serif;\">Aos poucos, o Governo de Pernambuco come\u00e7a a liberar atividades para a popula\u00e7\u00e3o. No futebol, os treinamentos come\u00e7aram na semana passada e agora os clubes trabalham a parte f\u00edsica dos atletas para que estejam preparados para o retorno das competi\u00e7\u00f5es, que ainda n\u00e3o tem data definida. Outra situa\u00e7\u00e3o que ainda \u00e9 estudada \u00e9 a possibilidade de realiza\u00e7\u00e3o dos jogos restantes do Campeonato Pernambucano serem disputadas em sede \u00fanica.<\/span><\/p>\n<p style=\"text-align: justify;\"><span style=\"font-family: verdana, geneva, sans-serif;\">Em entrevista para a R\u00e1dio Jornal, o presidente da Federa\u00e7\u00e3o Pernambucana de Futebol, Evandro Carvalho, afirmou que a chance disso acontecer \u00e9 muito grande, como forma de proteger a sa\u00fade dos jogadores dos clubes do estado.<\/span><\/p>\n<p style=\"text-align: justify;\"><span style=\"font-family: verdana, geneva, sans-serif;\">\u201cN\u00e3o \u00e9 uma ideia, \u00e9 um conceito de sa\u00fade p\u00fablica. \u00c9 uma exig\u00eancia para o controle m\u00e9dico e sanit\u00e1rio. O que importa s\u00e3o as quest\u00f5es geogr\u00e1ficas do est\u00e1dio, se ele tem isolamento que n\u00e3o permite aglomera\u00e7\u00e3o. (A sede \u00fanica) \u00c9 mais do que uma possibilidade. \u00c9 praticamente uma exig\u00eancia do protocolo m\u00e9dico sanit\u00e1rio n\u00e3o s\u00f3 em pernambuco como em outros estados\u201d, afirmou.<\/span><\/p>\n<p style=\"text-align: justify;\"><span style=\"font-family: verdana, geneva, sans-serif;\">A FPF estuda voltar com a competi\u00e7\u00e3o ap\u00f3s acordo com os clubes que disputam o Campeonato Pernambucano. Sem citar nomes, Evandro afirmou que alguns clubes querem o retorno j\u00e1 no dia 5 de julho, enquanto outros querem no dia 15 de julho. Nossa reportagem apurou que a equipe do Retr\u00f4 \u00e9 uma das equipes que defendem a retomada no come\u00e7o do m\u00eas, enquanto o Sport \u00e9 uma das equipes que defendem o retorno na metade de julho.<\/span><\/p>\n","protected":false},"excerpt":{"rendered":"<p>Aos poucos, o Governo de Pernambuco come&ccedil;a a liberar atividades para a popula&ccedil;&atilde;o. No futebol, os treinamentos come&ccedil;aram na semana passada e agora os clubes trabalham a parte f&iacute;sica dos atletas para que estejam preparados para o retorno das competi&ccedil;&otilde;es, que ainda n&atilde;o tem data definida. Outra situa&ccedil;&atilde;o que ainda &eacute; estudada &eacute; a possibilidade &#8230; <a title=\"Campeonato Pernambucano pode ser definido em sede \u00fanica\" class=\"read-more\" href=\"https:\/\/afogadosonline.com.br\/index.php\/2020\/06\/22\/campeonato-pernambucano-pode-ser-definido-em-sede-unica\/\" aria-label=\"Read more about Campeonato Pernambucano pode ser definido em sede \u00fanica\">Ler mais<\/a><\/p>\n","protected":false},"author":2,"featured_media":0,"comment_status":"open","ping_status":"open","sticky":false,"template":"","format":"standard","meta":{"footnotes":""},"categories":[2],"tags":[],"class_list":["post-12051","post","type-post","status-publish","format-standard","hentry","category-uncategorised"],"_links":{"self":[{"href":"https:\/\/afogadosonline.com.br\/index.php\/wp-json\/wp\/v2\/posts\/12051"}],"collection":[{"href":"https:\/\/afogadosonline.com.br\/index.php\/wp-json\/wp\/v2\/posts"}],"about":[{"href":"https:\/\/afogadosonline.com.br\/index.php\/wp-json\/wp\/v2\/types\/post"}],"author":[{"embeddable":true,"href":"https:\/\/afogadosonline.com.br\/index.php\/wp-json\/wp\/v2\/users\/2"}],"replies":[{"embeddable":true,"href":"https:\/\/afogadosonline.com.br\/index.php\/wp-json\/wp\/v2\/comments?post=12051"}],"version-history":[{"count":1,"href":"https:\/\/afogadosonline.com.br\/index.php\/wp-json\/wp\/v2\/posts\/12051\/revisions"}],"predecessor-version":[{"id":12052,"href":"https:\/\/afogadosonline.com.br\/index.php\/wp-json\/wp\/v2\/posts\/12051\/revisions\/12052"}],"wp:attachment":[{"href":"https:\/\/afogadosonline.com.br\/index.php\/wp-json\/wp\/v2\/media?parent=12051"}],"wp:term":[{"taxonomy":"category","embeddable":true,"href":"https:\/\/afogadosonline.com.br\/index.php\/wp-json\/wp\/v2\/categories?post=12051"},{"taxonomy":"post_tag","embeddable":true,"href":"https:\/\/afogadosonline.com.br\/index.php\/wp-json\/wp\/v2\/tags?post=12051"}],"curies":[{"name":"wp","href":"https:\/\/api.w.org\/{rel}","templated":true}]}}