{"id":12044,"date":"2020-06-22T09:47:54","date_gmt":"2020-06-22T12:47:54","guid":{"rendered":"http:\/\/afogadosonline.com.br\/wp\/?p=12044"},"modified":"2020-06-22T09:47:54","modified_gmt":"2020-06-22T12:47:54","slug":"estudos-comprovam-que-cidades-do-interior-ja-respondem-por-quase-60-dos-casos-da-covid-no-pais","status":"publish","type":"post","link":"https:\/\/afogadosonline.com.br\/index.php\/2020\/06\/22\/estudos-comprovam-que-cidades-do-interior-ja-respondem-por-quase-60-dos-casos-da-covid-no-pais\/","title":{"rendered":"Estudos comprovam que cidades do interior j\u00e1 respondem por quase 60% dos casos da Covid no pa\u00eds"},"content":{"rendered":"<p><img fetchpriority=\"high\" decoding=\"async\" class=\"n3VNCb aligncenter\" src=\"https:\/\/s01.video.glbimg.com\/x240\/8441300.jpg\" alt=\"Exclusivo: veja imagens do trabalho nas UTIs que recebem pacientes ...\" width=\"479\" height=\"269\" data-noaft=\"1\" \/><\/p>\n<p style=\"text-align: justify;\"><span style=\"font-family: verdana, geneva, sans-serif;\">Inicialmente concentrada nas capitais, a pandemia de Covid-19 tem avan\u00e7ado com maior for\u00e7a nas \u00faltimas semanas para o interior, que j\u00e1 concentra 59% dos casos registrados no pa\u00eds.<\/span><\/p>\n<p style=\"text-align: justify;\"><span style=\"font-family: verdana, geneva, sans-serif;\">Para compara\u00e7\u00e3o, at\u00e9 o in\u00edcio da segunda quinzena, 65% dos casos eram em capitais e apenas 35% estavam em cidades do interior.<\/span><\/p>\n<p style=\"text-align: justify;\"><span style=\"font-family: verdana, geneva, sans-serif;\">Pouco mais de um m\u00eas depois, no fim de maio, esse percentual se equiparou, e o avan\u00e7o segue desde ent\u00e3o. Atualmente, 19 estados j\u00e1 t\u00eam maior propor\u00e7\u00e3o de casos no interior do que nas capitais.<\/span><\/p>\n<p style=\"text-align: justify;\"><span style=\"font-family: verdana, geneva, sans-serif;\">Quando observado o total de mortes, esse par\u00e2metro tamb\u00e9m se aproxima: 48% dos registros est\u00e3o no interior e 52% nas principais cidades de cada estado.<\/span><\/p>\n<p style=\"text-align: justify;\"><span style=\"font-family: verdana, geneva, sans-serif;\">Os dados s\u00e3o do mais recente boletim epidemiol\u00f3gico semanal do Minist\u00e9rio da Sa\u00fade, que voltou a ser publicado na quinta-feira (18), ap\u00f3s duas semanas sem ser divulgado.<\/span><\/p>\n<p style=\"text-align: justify;\"><span style=\"font-family: verdana, geneva, sans-serif;\">A retomada das publica\u00e7\u00f5es ocorre em meio a cr\u00edticas de especialistas e entidades de sa\u00fade sobre mudan\u00e7as na divulga\u00e7\u00e3o de dados da epidemia da Covid-19 no pa\u00eds.<\/span><\/p>\n<p style=\"text-align: justify;\"><span style=\"font-family: verdana, geneva, sans-serif;\">Nas \u00faltimas semanas, o minist\u00e9rio atrasou publica\u00e7\u00f5es e chegou a retirar de suas plataformas o total de casos e mortes pela doen\u00e7a. Ap\u00f3s decis\u00e3o do STF (Supremo Tribunal Federal), recuou e voltou a divulgar os dados -an\u00e1lises detalhadas em documento, por\u00e9m, n\u00e3o eram divulgadas desde o final de maio.<\/span><\/p>\n<p style=\"text-align: justify;\"><span style=\"font-family: verdana, geneva, sans-serif;\">No balan\u00e7o, al\u00e9m de apontar a evolu\u00e7\u00e3o da interioriza\u00e7\u00e3o, o minist\u00e9rio faz uma an\u00e1lise da distribui\u00e7\u00e3o dos casos conforme o porte populacional dos munic\u00edpios.<\/span><\/p>\n<p style=\"text-align: justify;\"><span style=\"font-family: verdana, geneva, sans-serif;\">At\u00e9 o fim da \u00faltima semana, quando os dados foram contabilizados, 4.590 cidades -o equivalente a oito em cada dez munic\u00edpios do pa\u00eds- j\u00e1 tinham ao menos um caso registrado da Covid-19.<\/span><\/p>\n<p style=\"text-align: justify;\"><span style=\"font-family: verdana, geneva, sans-serif;\">Dos 980 munic\u00edpios sem nenhum registro de caso, 969 eram cidades com at\u00e9 25 mil habitantes.<\/span><\/p>\n<p style=\"text-align: justify;\"><span style=\"font-family: verdana, geneva, sans-serif;\">Das cidades entre 25 mil e 49 mil habitantes, s\u00f3 dez n\u00e3o tinham registros at\u00e9 o fim da \u00faltima semana. Eram elas: Ipixuna (AM), Iraquara (BA), Santana (BA), Capelinha (MG), Itamarandiba (MG), Ja\u00edba (MG), S\u00e3o Jo\u00e3o da Ponte (MG), Astorga (PR), Jaguar\u00e3o (RS) e Tr\u00eas Coroas (RS).<\/span><\/p>\n<p style=\"text-align: justify;\"><span style=\"font-family: verdana, geneva, sans-serif;\">Acima de 50 mil, s\u00f3 uma: Prudent\u00f3polis (PR). A situa\u00e7\u00e3o, por\u00e9m, mudou nos primeiros dias da \u00faltima semana. Na segunda-feira (15), a prefeitura divulgou o primeiro caso confirmado.<\/span><br \/>\n<span style=\"font-family: verdana, geneva, sans-serif;\">Quatro dias depois, o total j\u00e1 chegava a seis confirma\u00e7\u00f5es. Tamb\u00e9m havia ao menos 23 \u00e0 espera de resultado de exames.<\/span><\/p>\n<p style=\"text-align: justify;\"><span style=\"font-family: verdana, geneva, sans-serif;\">Para o Minist\u00e9rio da Sa\u00fade, ao mesmo tempo em que os casos crescem no interior, o pa\u00eds j\u00e1 d\u00e1 os primeiros sinais de uma estabiliza\u00e7\u00e3o na curva geral de casos -ou seja, quando o aumento ocorre em ritmo mais lento ou semelhante a semanas anteriores.<\/span><\/p>\n","protected":false},"excerpt":{"rendered":"<p>Inicialmente concentrada nas capitais, a pandemia de Covid-19 tem avan&ccedil;ado com maior for&ccedil;a nas &uacute;ltimas semanas para o interior, que j&aacute; concentra 59% dos casos registrados no pa&iacute;s. Para compara&ccedil;&atilde;o, at&eacute; o in&iacute;cio da segunda quinzena, 65% dos casos eram em capitais e apenas 35% estavam em cidades do interior. Pouco mais de um m&ecirc;s &#8230; <a title=\"Estudos comprovam que cidades do interior j\u00e1 respondem por quase 60% dos casos da Covid no pa\u00eds\" class=\"read-more\" href=\"https:\/\/afogadosonline.com.br\/index.php\/2020\/06\/22\/estudos-comprovam-que-cidades-do-interior-ja-respondem-por-quase-60-dos-casos-da-covid-no-pais\/\" aria-label=\"Read more about Estudos comprovam que cidades do interior j\u00e1 respondem por quase 60% dos casos da Covid no pa\u00eds\">Ler mais<\/a><\/p>\n","protected":false},"author":2,"featured_media":0,"comment_status":"open","ping_status":"open","sticky":false,"template":"","format":"standard","meta":{"footnotes":""},"categories":[2],"tags":[],"class_list":["post-12044","post","type-post","status-publish","format-standard","hentry","category-uncategorised"],"_links":{"self":[{"href":"https:\/\/afogadosonline.com.br\/index.php\/wp-json\/wp\/v2\/posts\/12044"}],"collection":[{"href":"https:\/\/afogadosonline.com.br\/index.php\/wp-json\/wp\/v2\/posts"}],"about":[{"href":"https:\/\/afogadosonline.com.br\/index.php\/wp-json\/wp\/v2\/types\/post"}],"author":[{"embeddable":true,"href":"https:\/\/afogadosonline.com.br\/index.php\/wp-json\/wp\/v2\/users\/2"}],"replies":[{"embeddable":true,"href":"https:\/\/afogadosonline.com.br\/index.php\/wp-json\/wp\/v2\/comments?post=12044"}],"version-history":[{"count":1,"href":"https:\/\/afogadosonline.com.br\/index.php\/wp-json\/wp\/v2\/posts\/12044\/revisions"}],"predecessor-version":[{"id":12045,"href":"https:\/\/afogadosonline.com.br\/index.php\/wp-json\/wp\/v2\/posts\/12044\/revisions\/12045"}],"wp:attachment":[{"href":"https:\/\/afogadosonline.com.br\/index.php\/wp-json\/wp\/v2\/media?parent=12044"}],"wp:term":[{"taxonomy":"category","embeddable":true,"href":"https:\/\/afogadosonline.com.br\/index.php\/wp-json\/wp\/v2\/categories?post=12044"},{"taxonomy":"post_tag","embeddable":true,"href":"https:\/\/afogadosonline.com.br\/index.php\/wp-json\/wp\/v2\/tags?post=12044"}],"curies":[{"name":"wp","href":"https:\/\/api.w.org\/{rel}","templated":true}]}}