{"id":12038,"date":"2020-06-22T08:05:36","date_gmt":"2020-06-22T11:05:36","guid":{"rendered":"http:\/\/afogadosonline.com.br\/wp\/?p=12038"},"modified":"2020-06-22T08:17:22","modified_gmt":"2020-06-22T11:17:22","slug":"falece-emidio-vasconcelos","status":"publish","type":"post","link":"https:\/\/afogadosonline.com.br\/index.php\/2020\/06\/22\/falece-emidio-vasconcelos\/","title":{"rendered":"Falece Em\u00eddio Vasconcelos"},"content":{"rendered":"<figure style=\"width: 487px\" class=\"wp-caption aligncenter\"><img fetchpriority=\"high\" decoding=\"async\" class=\"n3VNCb\" src=\"https:\/\/lh3.googleusercontent.com\/proxy\/N8IrMTMkvgJusKjhDwTeG8vxHw9I1kAvrEit6he3Ma9nqBNs7UFLDImqMaWeEBqThs-BIKdTcllvQkr2cr1RDC1Hpz6h-l4ZogArNO1tkLgBXWLZzhD6KSF2Mx3g6k6Ytd4G\" alt=\"Reuni\u00e3o do PT define Em\u00eddio Vasconcelos como pr\u00e9-candidato a ...\" width=\"497\" height=\"297\" data-noaft=\"1\" \/><figcaption class=\"wp-caption-text\">Dois petistas hist\u00f3ricos, Em\u00eddio e Jair<\/figcaption><\/figure>\n<p style=\"text-align: justify;\"><span style=\"font-family: verdana, geneva, sans-serif;\">Faleceu na madrugada desta segunda (22) na cidade de Caruaru, o empres\u00e1rio Em\u00eddio Vasconcelos, 54, que concorreu a Prefeitura de Afogados da Ingazeira pelo Partido dos Trabalhadores (PT) nas elei\u00e7\u00f5es de 2016.<\/span><\/p>\n<p style=\"text-align: justify;\"><span style=\"font-family: verdana, geneva, sans-serif;\">Em\u00eddio estava internado desde o dia 26 de maio no Hospital Mestre Vitalino, v\u00edtima de infarto. <\/span><\/p>\n<p style=\"text-align: justify;\"><span style=\"font-family: verdana, geneva, sans-serif;\">Em\u00eddio foi um grande defensor do debate propositivo para Afogados da Ingazeira, onde apontava falhas desde a gest\u00e3o do ex-prefeito Totonho Valadares, como na atual do prefeito Jos\u00e9 Patriota.<\/span><\/p>\n","protected":false},"excerpt":{"rendered":"<p>Faleceu na madrugada desta segunda (22) na cidade de Caruaru, o empres&aacute;rio Em&iacute;dio Vasconcelos, 54, que concorreu a Prefeitura de Afogados da Ingazeira pelo Partido dos Trabalhadores (PT) nas elei&ccedil;&otilde;es de 2016. Em&iacute;dio estava internado desde o dia 26 de maio no Hospital Mestre Vitalino, v&iacute;tima de infarto. Em&iacute;dio foi um grande defensor do debate &#8230; <a title=\"Falece Em\u00eddio Vasconcelos\" class=\"read-more\" href=\"https:\/\/afogadosonline.com.br\/index.php\/2020\/06\/22\/falece-emidio-vasconcelos\/\" aria-label=\"Read more about Falece Em\u00eddio Vasconcelos\">Ler mais<\/a><\/p>\n","protected":false},"author":2,"featured_media":0,"comment_status":"open","ping_status":"open","sticky":false,"template":"","format":"standard","meta":{"footnotes":""},"categories":[2],"tags":[],"class_list":["post-12038","post","type-post","status-publish","format-standard","hentry","category-uncategorised"],"_links":{"self":[{"href":"https:\/\/afogadosonline.com.br\/index.php\/wp-json\/wp\/v2\/posts\/12038"}],"collection":[{"href":"https:\/\/afogadosonline.com.br\/index.php\/wp-json\/wp\/v2\/posts"}],"about":[{"href":"https:\/\/afogadosonline.com.br\/index.php\/wp-json\/wp\/v2\/types\/post"}],"author":[{"embeddable":true,"href":"https:\/\/afogadosonline.com.br\/index.php\/wp-json\/wp\/v2\/users\/2"}],"replies":[{"embeddable":true,"href":"https:\/\/afogadosonline.com.br\/index.php\/wp-json\/wp\/v2\/comments?post=12038"}],"version-history":[{"count":3,"href":"https:\/\/afogadosonline.com.br\/index.php\/wp-json\/wp\/v2\/posts\/12038\/revisions"}],"predecessor-version":[{"id":12041,"href":"https:\/\/afogadosonline.com.br\/index.php\/wp-json\/wp\/v2\/posts\/12038\/revisions\/12041"}],"wp:attachment":[{"href":"https:\/\/afogadosonline.com.br\/index.php\/wp-json\/wp\/v2\/media?parent=12038"}],"wp:term":[{"taxonomy":"category","embeddable":true,"href":"https:\/\/afogadosonline.com.br\/index.php\/wp-json\/wp\/v2\/categories?post=12038"},{"taxonomy":"post_tag","embeddable":true,"href":"https:\/\/afogadosonline.com.br\/index.php\/wp-json\/wp\/v2\/tags?post=12038"}],"curies":[{"name":"wp","href":"https:\/\/api.w.org\/{rel}","templated":true}]}}