{"id":12034,"date":"2020-06-21T12:03:06","date_gmt":"2020-06-21T15:03:06","guid":{"rendered":"http:\/\/afogadosonline.com.br\/wp\/?p=12034"},"modified":"2020-06-21T12:07:45","modified_gmt":"2020-06-21T15:07:45","slug":"tenham-calma-e-paciencia-disse-dom-egidio-sobre-reabertura-das-missas-com-a-presenca-dos-fieis","status":"publish","type":"post","link":"https:\/\/afogadosonline.com.br\/index.php\/2020\/06\/21\/tenham-calma-e-paciencia-disse-dom-egidio-sobre-reabertura-das-missas-com-a-presenca-dos-fieis\/","title":{"rendered":"Tenham calma e paci\u00eancia, disse dom Egidio sobre reabertura das missas com a presen\u00e7a dos fieis"},"content":{"rendered":"<p style=\"text-align: justify;\"><span style=\"font-family: verdana, geneva, sans-serif;\"><img fetchpriority=\"high\" decoding=\"async\" class=\"wp-image-10882 alignleft\" src=\"http:\/\/afogadosonline.com.br\/wp\/wp-content\/uploads\/2020\/04\/padroeiro-bom-jesus.jpeg\" alt=\"\" width=\"247\" height=\"329\" srcset=\"https:\/\/afogadosonline.com.br\/wp-content\/uploads\/2020\/04\/padroeiro-bom-jesus.jpeg 336w, https:\/\/afogadosonline.com.br\/wp-content\/uploads\/2020\/04\/padroeiro-bom-jesus-225x300.jpeg 225w\" sizes=\"(max-width: 247px) 100vw, 247px\" \/>As missas com a presen\u00e7a dos fies na Diocese de Afogados da Ingazeira continuar\u00e3o suspensas. O an\u00fancio foi feita pelo bispo diocesano, dom Egidio Bisol, durante a celebra\u00e7\u00e3o da manh\u00e3 deste domingo (21) na Catedral do Senhor Bom Jesus dos Rem\u00e9dios.<\/span><\/p>\n<p style=\"text-align: justify;\"><span style=\"font-family: verdana, geneva, sans-serif;\">Dom Egidio disse que o Governo de Pernambuco liberou a abertura das igrejas durante as celebra\u00e7\u00f5es para a presen\u00e7a do p\u00fablico, mas que n\u00e3o mandou abrir, isso fica a crit\u00e9rio de cada diocese seguindo as orienta\u00e7\u00f5es das autoridades no tocante aos cuidados informados no decreto expedido pelo Governo do Estado.<\/span><\/p>\n<p style=\"text-align: justify;\"><span style=\"font-family: verdana, geneva, sans-serif;\">O bispo disse que a situa\u00e7\u00e3o ainda \u00e9 preocupante e s\u00e9ria, pois os casos continuam subindo na regi\u00e3o.&#8221; O fato dele n\u00e3o ter feito isso para todas as cidades, um grupo grande de mais de 80 cidades que n\u00e3o podem fazer isso, para mim, \u00e9 um sinal da prud\u00eancia com que o governado do Estado est\u00e1 tratando do assunto. Se ele liberou para o Paje\u00fa como para outros locais, deve ter alguns sinais objetivos que permitem isso. Por outro lado, a gente fica espantado porque todos os dias aparecem novos casos e isso vai continuar a aparecer porque quanto mais testes foram feitos, quanto mais casos poder\u00e3o ser detectados&#8221; falou dom Egidio.<\/span><\/p>\n<p style=\"text-align: justify;\"><span style=\"font-family: verdana, geneva, sans-serif;\">Quanto a quest\u00e3o da diocese de Afogados da Ingazeira, dom Egidio disse que n\u00e3o tem pressa em reabrir as igrejas e que a prud\u00eancia neste momento \u00e9 mais importante. &#8220;Eu pedi aos padres que em cada munic\u00edpio procurassem estudar juntamente com a secretaria de Sa\u00fade o que se poderia fazer, e como se poderia fazer, para de um lado oferecer essa possibilidade, e, do outro com seguran\u00e7a, com o m\u00e1ximo de seguran\u00e7a. Isso n\u00e3o significa que tudo passou, n\u00e3o passou nada. Esses tr\u00eas meses, por\u00e9m, a meu ver veio nos mostrar a perceber que a coisa \u00e9 grave e s\u00e9ria, e que n\u00e3o podemos ser meninos e que temos que agir com responsabilidade. Tenham calma e paci\u00eancia&#8221;, concluiu.<\/span><\/p>\n<p style=\"text-align: justify;\"><span style=\"font-family: verdana, geneva, sans-serif;\">Ap\u00f3s os padres fizerem essa consulta junto \u00e0s autoridades de Sa\u00fade de cada munic\u00edpio, a diocese poder\u00e1 dar alguma orienta\u00e7\u00e3o um pouco mais concreta.<\/span><\/p>\n","protected":false},"excerpt":{"rendered":"<p>As missas com a presen&ccedil;a dos fies na Diocese de Afogados da Ingazeira continuar&atilde;o suspensas. O an&uacute;ncio foi feita pelo bispo diocesano, dom Egidio Bisol, durante a celebra&ccedil;&atilde;o da manh&atilde; deste domingo (21) na Catedral do Senhor Bom Jesus dos Rem&eacute;dios. Dom Egidio disse que o Governo de Pernambuco liberou a abertura das igrejas durante &#8230; <a title=\"Tenham calma e paci\u00eancia, disse dom Egidio sobre reabertura das missas com a presen\u00e7a dos fieis\" class=\"read-more\" href=\"https:\/\/afogadosonline.com.br\/index.php\/2020\/06\/21\/tenham-calma-e-paciencia-disse-dom-egidio-sobre-reabertura-das-missas-com-a-presenca-dos-fieis\/\" aria-label=\"Read more about Tenham calma e paci\u00eancia, disse dom Egidio sobre reabertura das missas com a presen\u00e7a dos fieis\">Ler mais<\/a><\/p>\n","protected":false},"author":2,"featured_media":0,"comment_status":"open","ping_status":"open","sticky":false,"template":"","format":"standard","meta":{"footnotes":""},"categories":[2],"tags":[],"class_list":["post-12034","post","type-post","status-publish","format-standard","hentry","category-uncategorised"],"_links":{"self":[{"href":"https:\/\/afogadosonline.com.br\/index.php\/wp-json\/wp\/v2\/posts\/12034"}],"collection":[{"href":"https:\/\/afogadosonline.com.br\/index.php\/wp-json\/wp\/v2\/posts"}],"about":[{"href":"https:\/\/afogadosonline.com.br\/index.php\/wp-json\/wp\/v2\/types\/post"}],"author":[{"embeddable":true,"href":"https:\/\/afogadosonline.com.br\/index.php\/wp-json\/wp\/v2\/users\/2"}],"replies":[{"embeddable":true,"href":"https:\/\/afogadosonline.com.br\/index.php\/wp-json\/wp\/v2\/comments?post=12034"}],"version-history":[{"count":3,"href":"https:\/\/afogadosonline.com.br\/index.php\/wp-json\/wp\/v2\/posts\/12034\/revisions"}],"predecessor-version":[{"id":12037,"href":"https:\/\/afogadosonline.com.br\/index.php\/wp-json\/wp\/v2\/posts\/12034\/revisions\/12037"}],"wp:attachment":[{"href":"https:\/\/afogadosonline.com.br\/index.php\/wp-json\/wp\/v2\/media?parent=12034"}],"wp:term":[{"taxonomy":"category","embeddable":true,"href":"https:\/\/afogadosonline.com.br\/index.php\/wp-json\/wp\/v2\/categories?post=12034"},{"taxonomy":"post_tag","embeddable":true,"href":"https:\/\/afogadosonline.com.br\/index.php\/wp-json\/wp\/v2\/tags?post=12034"}],"curies":[{"name":"wp","href":"https:\/\/api.w.org\/{rel}","templated":true}]}}