{"id":12028,"date":"2020-06-20T16:18:41","date_gmt":"2020-06-20T19:18:41","guid":{"rendered":"http:\/\/afogadosonline.com.br\/wp\/?p=12028"},"modified":"2020-06-20T16:18:41","modified_gmt":"2020-06-20T19:18:41","slug":"senado-marca-para-terca-feira-23-votacao-da-pec-do-adiamento-das-eleicoes-municipais","status":"publish","type":"post","link":"https:\/\/afogadosonline.com.br\/index.php\/2020\/06\/20\/senado-marca-para-terca-feira-23-votacao-da-pec-do-adiamento-das-eleicoes-municipais\/","title":{"rendered":"Senado marca para ter\u00e7a-feira (23) vota\u00e7\u00e3o da PEC do adiamento das elei\u00e7\u00f5es municipais"},"content":{"rendered":"<p><img fetchpriority=\"high\" decoding=\"async\" class=\"n3VNCb aligncenter\" src=\"https:\/\/eleicao2020.com.br\/wp-content\/uploads\/2019\/05\/PicsArt_11-03-08.54.08-1024x576.png\" alt=\"DATAS DAS ELEI\u00c7\u00d5ES 2020 \u2192 Calend\u00e1rio Eleitoral ATUALIZADO!!\" width=\"496\" height=\"279\" data-noaft=\"1\" \/><\/p>\n<p style=\"text-align: justify;\"><span style=\"font-family: verdana, geneva, sans-serif;\">O Senado deve votar, j\u00e1 na pr\u00f3xima ter\u00e7a-feira (23), Proposta de Emenda \u00e0 Constitui\u00e7\u00e3o (PEC) que ir\u00e1 acrescentar, no Ato das Disposi\u00e7\u00f5es Constitucionais Transit\u00f3rias (ADCT), o adiamento excepcional das elei\u00e7\u00f5es municipais deste ano devido \u00e0 epidemia do novo coronav\u00edrus.<\/span><\/p>\n<p style=\"text-align: justify;\"><span style=\"font-family: verdana, geneva, sans-serif;\">Segundo o presidente, h\u00e1 uma nova data &#8220;quase conciliada&#8221; para a realiza\u00e7\u00e3o das elei\u00e7\u00f5es, no dia 15 de novembro. Alcolumbre afirmou ainda que relator da proposta, senador Weverton (PDT-MA), j\u00e1 se reuniu com consultores, advogados e assessores da Presid\u00eancia do Tribunal Superior Eleitoral (TSE) par discutir um texto, que dever\u00e1 incluir tamb\u00e9m o alongamento dos prazos de desincompatibiliza\u00e7\u00e3o, conven\u00e7\u00f5es e propaganda eleitoral.<\/span><\/p>\n","protected":false},"excerpt":{"rendered":"<p>O Senado deve votar, j&aacute; na pr&oacute;xima ter&ccedil;a-feira (23), Proposta de Emenda &agrave; Constitui&ccedil;&atilde;o (PEC) que ir&aacute; acrescentar, no Ato das Disposi&ccedil;&otilde;es Constitucionais Transit&oacute;rias (ADCT), o adiamento excepcional das elei&ccedil;&otilde;es municipais deste ano devido &agrave; epidemia do novo coronav&iacute;rus. Segundo o presidente, h&aacute; uma nova data &ldquo;quase conciliada&rdquo; para a realiza&ccedil;&atilde;o das elei&ccedil;&otilde;es, no dia &#8230; <a title=\"Senado marca para ter\u00e7a-feira (23) vota\u00e7\u00e3o da PEC do adiamento das elei\u00e7\u00f5es municipais\" class=\"read-more\" href=\"https:\/\/afogadosonline.com.br\/index.php\/2020\/06\/20\/senado-marca-para-terca-feira-23-votacao-da-pec-do-adiamento-das-eleicoes-municipais\/\" aria-label=\"Read more about Senado marca para ter\u00e7a-feira (23) vota\u00e7\u00e3o da PEC do adiamento das elei\u00e7\u00f5es municipais\">Ler mais<\/a><\/p>\n","protected":false},"author":2,"featured_media":0,"comment_status":"open","ping_status":"open","sticky":false,"template":"","format":"standard","meta":{"footnotes":""},"categories":[2],"tags":[],"class_list":["post-12028","post","type-post","status-publish","format-standard","hentry","category-uncategorised"],"_links":{"self":[{"href":"https:\/\/afogadosonline.com.br\/index.php\/wp-json\/wp\/v2\/posts\/12028"}],"collection":[{"href":"https:\/\/afogadosonline.com.br\/index.php\/wp-json\/wp\/v2\/posts"}],"about":[{"href":"https:\/\/afogadosonline.com.br\/index.php\/wp-json\/wp\/v2\/types\/post"}],"author":[{"embeddable":true,"href":"https:\/\/afogadosonline.com.br\/index.php\/wp-json\/wp\/v2\/users\/2"}],"replies":[{"embeddable":true,"href":"https:\/\/afogadosonline.com.br\/index.php\/wp-json\/wp\/v2\/comments?post=12028"}],"version-history":[{"count":1,"href":"https:\/\/afogadosonline.com.br\/index.php\/wp-json\/wp\/v2\/posts\/12028\/revisions"}],"predecessor-version":[{"id":12029,"href":"https:\/\/afogadosonline.com.br\/index.php\/wp-json\/wp\/v2\/posts\/12028\/revisions\/12029"}],"wp:attachment":[{"href":"https:\/\/afogadosonline.com.br\/index.php\/wp-json\/wp\/v2\/media?parent=12028"}],"wp:term":[{"taxonomy":"category","embeddable":true,"href":"https:\/\/afogadosonline.com.br\/index.php\/wp-json\/wp\/v2\/categories?post=12028"},{"taxonomy":"post_tag","embeddable":true,"href":"https:\/\/afogadosonline.com.br\/index.php\/wp-json\/wp\/v2\/tags?post=12028"}],"curies":[{"name":"wp","href":"https:\/\/api.w.org\/{rel}","templated":true}]}}