{"id":11904,"date":"2020-06-12T17:22:48","date_gmt":"2020-06-12T20:22:48","guid":{"rendered":"http:\/\/afogadosonline.com.br\/wp\/?p=11904"},"modified":"2020-06-12T17:22:48","modified_gmt":"2020-06-12T20:22:48","slug":"mandetta-rebate-acusacoes-de-bolsonaro-com-versiculo-da-biblia-conhecereis-a-verdade-e-a-verdade-os-libertara","status":"publish","type":"post","link":"https:\/\/afogadosonline.com.br\/index.php\/2020\/06\/12\/mandetta-rebate-acusacoes-de-bolsonaro-com-versiculo-da-biblia-conhecereis-a-verdade-e-a-verdade-os-libertara\/","title":{"rendered":"Mandetta rebate acusa\u00e7\u00f5es de Bolsonaro com vers\u00edculo da B\u00edblia: Conhecereis a verdade, e a verdade os libertar\u00e1"},"content":{"rendered":"<p><img fetchpriority=\"high\" decoding=\"async\" class=\"aligncenter\" src=\"https:\/\/cdn-istoe-ssl.akamaized.net\/wp-content\/uploads\/sites\/14\/2020\/03\/henrique-mandetta-2.jpg\" alt=\"Brasileiro n\u00e3o sabe se escuta ministro ou o presidente', diz ...\" width=\"494\" height=\"278\" \/><\/p>\n<p style=\"text-align: justify;\"><span style=\"font-family: verdana, geneva, sans-serif;\">O ex-ministro da Sa\u00fade, Luiz Henrique Mandetta, usou as redes sociais nesta sexta-feira, 12, para cobrar a\u00e7\u00e3o no combate ao novo coronav\u00edrus no Pa\u00eds. Sem citar diretamente o presidente da Rep\u00fablica, Jair Bolsonaro, mas citando o trecho b\u00edblico usado por ele de forma recorrente &#8211; Jo\u00e3o 8:32 ,&#8221;E conhecereis a verdade, e a verdade vos libertar\u00e1&#8221; &#8211; Mandetta cobrou a\u00e7\u00e3o e questionou por quantas mortes &#8220;atitude tola&#8221; foi respons\u00e1vel.<\/span><\/p>\n<p style=\"text-align: justify;\"><span style=\"font-family: verdana, geneva, sans-serif;\">&#8220;Quantos dos 800.000 casos confirmados e das 41.000 vidas perdidas a atitude tola foi a respons\u00e1vel? Realidade Inflada ? Ainda querendo maquiar? Cuidado. A morte est\u00e1 na espreita e na conta dos incautos. Reflita e reze. Fique com Jo\u00e3o 8:32 . N\u00e3o cite. Pratique!&#8221;, escreveu o ex-ministro.<\/span><\/p>\n","protected":false},"excerpt":{"rendered":"<p>O ex-ministro da Sa&uacute;de, Luiz Henrique Mandetta, usou as redes sociais nesta sexta-feira, 12, para cobrar a&ccedil;&atilde;o no combate ao novo coronav&iacute;rus no Pa&iacute;s. Sem citar diretamente o presidente da Rep&uacute;blica, Jair Bolsonaro, mas citando o trecho b&iacute;blico usado por ele de forma recorrente &ndash; Jo&atilde;o 8:32 ,&rdquo;E conhecereis a verdade, e a verdade vos &#8230; <a title=\"Mandetta rebate acusa\u00e7\u00f5es de Bolsonaro com vers\u00edculo da B\u00edblia: Conhecereis a verdade, e a verdade os libertar\u00e1\" class=\"read-more\" href=\"https:\/\/afogadosonline.com.br\/index.php\/2020\/06\/12\/mandetta-rebate-acusacoes-de-bolsonaro-com-versiculo-da-biblia-conhecereis-a-verdade-e-a-verdade-os-libertara\/\" aria-label=\"Read more about Mandetta rebate acusa\u00e7\u00f5es de Bolsonaro com vers\u00edculo da B\u00edblia: Conhecereis a verdade, e a verdade os libertar\u00e1\">Ler mais<\/a><\/p>\n","protected":false},"author":2,"featured_media":0,"comment_status":"open","ping_status":"open","sticky":false,"template":"","format":"standard","meta":{"footnotes":""},"categories":[1],"tags":[],"class_list":["post-11904","post","type-post","status-publish","format-standard","hentry","category-sem-categoria"],"_links":{"self":[{"href":"https:\/\/afogadosonline.com.br\/index.php\/wp-json\/wp\/v2\/posts\/11904"}],"collection":[{"href":"https:\/\/afogadosonline.com.br\/index.php\/wp-json\/wp\/v2\/posts"}],"about":[{"href":"https:\/\/afogadosonline.com.br\/index.php\/wp-json\/wp\/v2\/types\/post"}],"author":[{"embeddable":true,"href":"https:\/\/afogadosonline.com.br\/index.php\/wp-json\/wp\/v2\/users\/2"}],"replies":[{"embeddable":true,"href":"https:\/\/afogadosonline.com.br\/index.php\/wp-json\/wp\/v2\/comments?post=11904"}],"version-history":[{"count":1,"href":"https:\/\/afogadosonline.com.br\/index.php\/wp-json\/wp\/v2\/posts\/11904\/revisions"}],"predecessor-version":[{"id":11905,"href":"https:\/\/afogadosonline.com.br\/index.php\/wp-json\/wp\/v2\/posts\/11904\/revisions\/11905"}],"wp:attachment":[{"href":"https:\/\/afogadosonline.com.br\/index.php\/wp-json\/wp\/v2\/media?parent=11904"}],"wp:term":[{"taxonomy":"category","embeddable":true,"href":"https:\/\/afogadosonline.com.br\/index.php\/wp-json\/wp\/v2\/categories?post=11904"},{"taxonomy":"post_tag","embeddable":true,"href":"https:\/\/afogadosonline.com.br\/index.php\/wp-json\/wp\/v2\/tags?post=11904"}],"curies":[{"name":"wp","href":"https:\/\/api.w.org\/{rel}","templated":true}]}}