{"id":11902,"date":"2020-06-12T17:17:16","date_gmt":"2020-06-12T20:17:16","guid":{"rendered":"http:\/\/afogadosonline.com.br\/wp\/?p=11902"},"modified":"2020-06-12T17:17:16","modified_gmt":"2020-06-12T20:17:16","slug":"tony-gel-perde-direitos-politicos-com-decisao-do-tjpe-em-caruaru-mas-pode-recorrer-ao-stj","status":"publish","type":"post","link":"https:\/\/afogadosonline.com.br\/index.php\/2020\/06\/12\/tony-gel-perde-direitos-politicos-com-decisao-do-tjpe-em-caruaru-mas-pode-recorrer-ao-stj\/","title":{"rendered":"Tony Gel perde direitos pol\u00edticos com decis\u00e3o do TJPE em Caruaru, mas pode recorrer ao STJ"},"content":{"rendered":"<p><img fetchpriority=\"high\" decoding=\"async\" class=\"aligncenter\" src=\"https:\/\/imagens1.ne10.uol.com.br\/blogsne10\/jamildo\/uploads\/\/2016\/09\/Tony-Gel-748x410.jpg\" alt=\"Tony Gel pede a SDS volta do servi\u00e7o 190 para a Central do 4\u00b0 BPM ...\" width=\"494\" height=\"271\" \/><\/p>\n<p style=\"text-align: justify;\"><span style=\"font-family: verdana, geneva, sans-serif;\">De acordo com informa\u00e7\u00f5es extra-oficiais, uma decis\u00e3o da C\u00e2mara do Tribunal de Justi\u00e7a de Pernambuco (TJPE) em Caruaru, tomada nesta quinta-feira, mais ainda n\u00e3o publicada no di\u00e1rio oficial da Justi\u00e7a, em um processo antigo, de 2013, decidiu pela perda dos direitos pol\u00edticos por parte do deputado estadual Tony Gel, do MDB. As informa\u00e7\u00f5es s\u00e3o do Blog do Jamildo.<\/span><\/p>\n<p style=\"text-align: justify;\"><span style=\"font-family: verdana, geneva, sans-serif;\">Foram quatros votos contra e um a favor do ex-prefeito.<\/span><\/p>\n<p style=\"text-align: justify;\"><span style=\"font-family: verdana, geneva, sans-serif;\">O deputado \u00e9 aliado de Paulo C\u00e2mara e \u00e9 um dos nomes colocados na disputa na capital do Agreste.<\/span><\/p>\n<p style=\"text-align: justify;\"><span style=\"font-family: verdana, geneva, sans-serif;\">O deputado estadual tem direito a atacar a senten\u00e7a e deve recorrer ao Superior Tribunal de Justi\u00e7a (STJ), contra a decis\u00e3o local.<\/span><\/p>\n<p style=\"text-align: justify;\"><span style=\"font-family: verdana, geneva, sans-serif;\">No processo em quest\u00e3o, o tradicional pol\u00edtico de Caruaru \u00e9 acusado de ter aumentado pr\u00f3prio sal\u00e1rio em 40% por decreto, na \u00e9poca em que foi prefeito da cidade.<\/span><\/p>\n<p style=\"text-align: justify;\"><span style=\"font-family: verdana, geneva, sans-serif;\"><strong>Entenda o caso<\/strong> &#8211;\u00a0<\/span><span style=\"font-family: verdana, geneva, sans-serif;\">O processo \u00e9 uma a\u00e7\u00e3o civil p\u00fablica de autoria do Minist\u00e9rio P\u00fablico.<\/span><\/p>\n<p style=\"text-align: justify;\"><span style=\"font-family: verdana, geneva, sans-serif;\">Em 2013, o juiz da 1\u00aa Vara da Fazenda P\u00fablica de Caruaru, Jos\u00e9 Fernando dos Santos Souza, condenou os ex-prefeitos Tony Gel (ent\u00e3o no DEM) e Neguinho Teixeira (sem partido) por aumentarem os pr\u00f3prios vencimentos quando estavam \u00e0 frente do Executivo municipal, em 2008.<\/span><\/p>\n<p style=\"text-align: justify;\"><span style=\"font-family: verdana, geneva, sans-serif;\">O magistrado determinou a suspens\u00e3o dos direitos pol\u00edticos de ambos por cinco anos e uma multa correspondente a 100 vezes o valor recebido \u00e0 \u00e9poca.<\/span><\/p>\n<p style=\"text-align: justify;\"><span style=\"font-family: verdana, geneva, sans-serif;\">Foi esta decis\u00e3o inicial que foi contestada e objeto de decis\u00e3o agora pela C\u00e2mara do TJPE em Caruaru.<\/span><\/p>\n<p style=\"text-align: justify;\"><span style=\"font-family: verdana, geneva, sans-serif;\">Na \u00e9poca, Tony Gel j\u00e1 havia reclamado da decis\u00e3o. \u201cO que entendeu o magistrado \u00e9 que eu tinha dado aumento por decreto, n\u00e3o \u00e9 verdade\u201d, afirmou na \u00e9poca.<\/span><\/p>\n","protected":false},"excerpt":{"rendered":"<p>De acordo com informa&ccedil;&otilde;es extra-oficiais, uma decis&atilde;o da C&acirc;mara do Tribunal de Justi&ccedil;a de Pernambuco (TJPE) em Caruaru, tomada nesta quinta-feira, mais ainda n&atilde;o publicada no di&aacute;rio oficial da Justi&ccedil;a, em um processo antigo, de 2013, decidiu pela perda dos direitos pol&iacute;ticos por parte do deputado estadual Tony Gel, do MDB. As informa&ccedil;&otilde;es s&atilde;o do &#8230; <a title=\"Tony Gel perde direitos pol\u00edticos com decis\u00e3o do TJPE em Caruaru, mas pode recorrer ao STJ\" class=\"read-more\" href=\"https:\/\/afogadosonline.com.br\/index.php\/2020\/06\/12\/tony-gel-perde-direitos-politicos-com-decisao-do-tjpe-em-caruaru-mas-pode-recorrer-ao-stj\/\" aria-label=\"Read more about Tony Gel perde direitos pol\u00edticos com decis\u00e3o do TJPE em Caruaru, mas pode recorrer ao STJ\">Ler mais<\/a><\/p>\n","protected":false},"author":2,"featured_media":0,"comment_status":"open","ping_status":"open","sticky":false,"template":"","format":"standard","meta":{"footnotes":""},"categories":[2],"tags":[],"class_list":["post-11902","post","type-post","status-publish","format-standard","hentry","category-uncategorised"],"_links":{"self":[{"href":"https:\/\/afogadosonline.com.br\/index.php\/wp-json\/wp\/v2\/posts\/11902"}],"collection":[{"href":"https:\/\/afogadosonline.com.br\/index.php\/wp-json\/wp\/v2\/posts"}],"about":[{"href":"https:\/\/afogadosonline.com.br\/index.php\/wp-json\/wp\/v2\/types\/post"}],"author":[{"embeddable":true,"href":"https:\/\/afogadosonline.com.br\/index.php\/wp-json\/wp\/v2\/users\/2"}],"replies":[{"embeddable":true,"href":"https:\/\/afogadosonline.com.br\/index.php\/wp-json\/wp\/v2\/comments?post=11902"}],"version-history":[{"count":1,"href":"https:\/\/afogadosonline.com.br\/index.php\/wp-json\/wp\/v2\/posts\/11902\/revisions"}],"predecessor-version":[{"id":11903,"href":"https:\/\/afogadosonline.com.br\/index.php\/wp-json\/wp\/v2\/posts\/11902\/revisions\/11903"}],"wp:attachment":[{"href":"https:\/\/afogadosonline.com.br\/index.php\/wp-json\/wp\/v2\/media?parent=11902"}],"wp:term":[{"taxonomy":"category","embeddable":true,"href":"https:\/\/afogadosonline.com.br\/index.php\/wp-json\/wp\/v2\/categories?post=11902"},{"taxonomy":"post_tag","embeddable":true,"href":"https:\/\/afogadosonline.com.br\/index.php\/wp-json\/wp\/v2\/tags?post=11902"}],"curies":[{"name":"wp","href":"https:\/\/api.w.org\/{rel}","templated":true}]}}