{"id":11657,"date":"2020-05-28T10:32:56","date_gmt":"2020-05-28T13:32:56","guid":{"rendered":"http:\/\/afogadosonline.com.br\/wp\/?p=11657"},"modified":"2020-05-28T10:32:56","modified_gmt":"2020-05-28T13:32:56","slug":"desemprego-no-pais-sobe-para-126-e-atinge-128-milhoes-de-pessoas","status":"publish","type":"post","link":"https:\/\/afogadosonline.com.br\/index.php\/2020\/05\/28\/desemprego-no-pais-sobe-para-126-e-atinge-128-milhoes-de-pessoas\/","title":{"rendered":"Desemprego no pa\u00eds sobe para 12,6% e atinge 12,8 milh\u00f5es de pessoas"},"content":{"rendered":"<p><img fetchpriority=\"high\" decoding=\"async\" class=\"n3VNCb aligncenter\" src=\"https:\/\/ichef.bbci.co.uk\/news\/410\/cpsprodpb\/815C\/production\/_107661133_gettyimages-1055303876-1.jpg\" alt=\"Seguro-desemprego menor e trabalho aos domingos: 4 respostas sobre ...\" width=\"488\" height=\"274\" data-noaft=\"1\" \/><\/p>\n<p style=\"text-align: justify;\"><span style=\"font-family: verdana, geneva, sans-serif;\">A taxa de desemprego no pa\u00eds subiu de 11,2% para 12,6% no trimestre entre fevereiro e abril deste ano, na compara\u00e7\u00e3o com o trimestre anterior (novembro de 2019 a janeiro de 2020), atingindo 12,8 milh\u00f5es de pessoas.<\/span><\/p>\n<p style=\"text-align: justify;\"><span style=\"font-family: verdana, geneva, sans-serif;\">Os dados fazem parte da Pnad (Pesquisa Nacional por Amostra de Domic\u00edlios) Cont\u00ednua, do IBGE. A pesquisa n\u00e3o usa s\u00f3 os trimestres tradicionais, mas per\u00edodos m\u00f3veis (como fevereiro, mar\u00e7o e abril; mar\u00e7o, abril e maio etc.). O levantamento divulgado hoje (28) mostra parte dos efeitos da crise econ\u00f4mica causada pelo novo coronav\u00edrus no mercado de trabalho brasileiro.<\/span><\/p>\n<p style=\"text-align: justify;\"><span style=\"font-family: verdana, geneva, sans-serif;\">O n\u00edvel da popula\u00e7\u00e3o ocupada teve queda recorde de 5,2%, em rela\u00e7\u00e3o ao trimestre encerrado em janeiro, representando uma perda de 4,9 milh\u00f5es de postos de trabalho, que foram reduzidos a 89,2 milh\u00f5es.<\/span><\/p>\n<p style=\"text-align: justify;\"><span style=\"font-family: verdana, geneva, sans-serif;\">Segundo o IBGE, a queda desse indicador \u00e9 reflexo da pandemia, que causou a paralisa\u00e7\u00e3o de diversos setores da economia. A analista da pesquisa Adriana Beringuy afirmou que os efeitos foram sentidos tanto entre os informais quanto entre trabalhadores com carteira assinada.<\/span><\/p>\n<p style=\"text-align: justify;\"><span style=\"font-family: verdana, geneva, sans-serif;\">&#8220;Dos 4,9 milh\u00f5es de pessoas a menos na ocupa\u00e7\u00e3o, 3,7 milh\u00f5es foram de trabalhadores informais. O emprego com carteira assinada no setor privado teve uma queda recorde tamb\u00e9m. A gente chega em abril com o menor contingente de pessoas com carteira assinada, que \u00e9 de 32,2 milh\u00f5es&#8221;, declarou.<\/span><\/p>\n","protected":false},"excerpt":{"rendered":"<p>A taxa de desemprego no pa&iacute;s subiu de 11,2% para 12,6% no trimestre entre fevereiro e abril deste ano, na compara&ccedil;&atilde;o com o trimestre anterior (novembro de 2019 a janeiro de 2020), atingindo 12,8 milh&otilde;es de pessoas. Os dados fazem parte da Pnad (Pesquisa Nacional por Amostra de Domic&iacute;lios) Cont&iacute;nua, do IBGE. A pesquisa n&atilde;o &#8230; <a title=\"Desemprego no pa\u00eds sobe para 12,6% e atinge 12,8 milh\u00f5es de pessoas\" class=\"read-more\" href=\"https:\/\/afogadosonline.com.br\/index.php\/2020\/05\/28\/desemprego-no-pais-sobe-para-126-e-atinge-128-milhoes-de-pessoas\/\" aria-label=\"Read more about Desemprego no pa\u00eds sobe para 12,6% e atinge 12,8 milh\u00f5es de pessoas\">Ler mais<\/a><\/p>\n","protected":false},"author":2,"featured_media":0,"comment_status":"open","ping_status":"open","sticky":false,"template":"","format":"standard","meta":{"footnotes":""},"categories":[2],"tags":[],"class_list":["post-11657","post","type-post","status-publish","format-standard","hentry","category-uncategorised"],"_links":{"self":[{"href":"https:\/\/afogadosonline.com.br\/index.php\/wp-json\/wp\/v2\/posts\/11657"}],"collection":[{"href":"https:\/\/afogadosonline.com.br\/index.php\/wp-json\/wp\/v2\/posts"}],"about":[{"href":"https:\/\/afogadosonline.com.br\/index.php\/wp-json\/wp\/v2\/types\/post"}],"author":[{"embeddable":true,"href":"https:\/\/afogadosonline.com.br\/index.php\/wp-json\/wp\/v2\/users\/2"}],"replies":[{"embeddable":true,"href":"https:\/\/afogadosonline.com.br\/index.php\/wp-json\/wp\/v2\/comments?post=11657"}],"version-history":[{"count":1,"href":"https:\/\/afogadosonline.com.br\/index.php\/wp-json\/wp\/v2\/posts\/11657\/revisions"}],"predecessor-version":[{"id":11658,"href":"https:\/\/afogadosonline.com.br\/index.php\/wp-json\/wp\/v2\/posts\/11657\/revisions\/11658"}],"wp:attachment":[{"href":"https:\/\/afogadosonline.com.br\/index.php\/wp-json\/wp\/v2\/media?parent=11657"}],"wp:term":[{"taxonomy":"category","embeddable":true,"href":"https:\/\/afogadosonline.com.br\/index.php\/wp-json\/wp\/v2\/categories?post=11657"},{"taxonomy":"post_tag","embeddable":true,"href":"https:\/\/afogadosonline.com.br\/index.php\/wp-json\/wp\/v2\/tags?post=11657"}],"curies":[{"name":"wp","href":"https:\/\/api.w.org\/{rel}","templated":true}]}}