{"id":11655,"date":"2020-05-28T05:21:49","date_gmt":"2020-05-28T08:21:49","guid":{"rendered":"http:\/\/afogadosonline.com.br\/wp\/?p=11655"},"modified":"2020-05-27T21:29:53","modified_gmt":"2020-05-28T00:29:53","slug":"veja-as-20-cidades-de-pernambuco-sem-casos-de-coronavirus-cinco-estao-no-pajeu","status":"publish","type":"post","link":"https:\/\/afogadosonline.com.br\/index.php\/2020\/05\/28\/veja-as-20-cidades-de-pernambuco-sem-casos-de-coronavirus-cinco-estao-no-pajeu\/","title":{"rendered":"Veja as 20 cidades de Pernambuco sem casos de Coronav\u00edrus; cinco est\u00e3o no Paje\u00fa"},"content":{"rendered":"<p><img fetchpriority=\"high\" decoding=\"async\" class=\"aligncenter\" src=\"https:\/\/s5.static.brasilescola.uol.com.br\/be\/2020\/01\/coronavirusbe.jpg\" alt=\"Coronav\u00edrus: a fam\u00edlia de v\u00edrus que causou a pandemia de COVID-19\" width=\"496\" height=\"282\" \/><\/p>\n<p style=\"text-align: justify;\"><span style=\"font-family: verdana, geneva, sans-serif;\">Nesta quarta-feira (27) Pernambuco registrou, de acordo com o balan\u00e7o da Secretaria Estadual de Sa\u00fade, 1.065 novos casos de coronav\u00edrus. Agora, o Estado totaliza 29.919 diagn\u00f3sticos e 2.468 \u00f3bitos da doen\u00e7a. Mesmo com n\u00fameros alarmantes, ainda h\u00e1 20 munic\u00edpios que n\u00e3o contabilizam nenhum caso da covid-19 no Estado. Esse fen\u00f4meno foi estudado por pesquisadores do Centro Integrado de Estudos Georreferenciados para a Pesquisa Social (Cieg) da Funda\u00e7\u00e3o Joaquim Nabuco (Fundaj), com o objetivo de identificar as causas do sucesso no combate da doen\u00e7a.<\/span><\/p>\n<p style=\"text-align: justify;\"><span style=\"font-family: verdana, geneva, sans-serif;\">Com a listagem dos munic\u00edpios que ainda n\u00e3o confirmaram casos da doen\u00e7a, os pesquisadores constataram que o isolamento geogr\u00e1fico e uma menor densidade populacional s\u00e3o fatores importantes para o controle da dissemina\u00e7\u00e3o do novo v\u00edrus. Os dados do estudo foram atualizados nesta quarta-feira (27) e podem ser acessados no Pa\u00ednel Analitico da Covid-19 da Fundaj, no site da institui\u00e7\u00e3o.<\/span><\/p>\n<p style=\"text-align: justify;\"><span style=\"font-size: 14pt;\"><strong><span style=\"font-family: verdana, geneva, sans-serif;\">Veja as cidades sem coronav\u00edrus em Pernambuco<\/span><\/strong><\/span><\/p>\n<p style=\"text-align: justify;\"><strong><span style=\"font-family: verdana, geneva, sans-serif;\">&#8211; Ingazeira,<\/span><\/strong><\/p>\n<p style=\"text-align: justify;\"><strong><span style=\"font-family: verdana, geneva, sans-serif;\">&#8211; Calumbi;<\/span><\/strong><\/p>\n<p style=\"text-align: justify;\"><strong><span style=\"font-family: verdana, geneva, sans-serif;\">&#8211; Solid\u00e3o;<\/span><\/strong><\/p>\n<p style=\"text-align: justify;\"><strong><span style=\"font-family: verdana, geneva, sans-serif;\">&#8211; Brejinho;<\/span><\/strong><\/p>\n<p style=\"text-align: justify;\"><span style=\"font-family: verdana, geneva, sans-serif;\">&#8211; Palmeirinha;<\/span><\/p>\n<p style=\"text-align: justify;\"><span style=\"font-family: verdana, geneva, sans-serif;\">&#8211; Ibrajuba;<\/span><\/p>\n<p style=\"text-align: justify;\"><span style=\"font-family: verdana, geneva, sans-serif;\">&#8211; Brej\u00e3o;<\/span><\/p>\n<p style=\"text-align: justify;\"><span style=\"font-family: verdana, geneva, sans-serif;\">&#8211; Cal\u00e7ado;<\/span><\/p>\n<p style=\"text-align: justify;\"><span style=\"font-family: verdana, geneva, sans-serif;\">&#8211; Angelim;<\/span><\/p>\n<p style=\"text-align: justify;\"><span style=\"font-family: verdana, geneva, sans-serif;\">&#8211; Morel\u00e2ndia;<\/span><\/p>\n<p style=\"text-align: justify;\"><span style=\"font-family: verdana, geneva, sans-serif;\">&#8211; Bel\u00e9m de Maria;<\/span><\/p>\n<p style=\"text-align: justify;\"><span style=\"font-family: verdana, geneva, sans-serif;\">&#8211; Lagoa do Ouro;<\/span><\/p>\n<p style=\"text-align: justify;\"><span style=\"font-family: verdana, geneva, sans-serif;\">&#8211; Santa Filomena;<\/span><\/p>\n<p style=\"text-align: justify;\"><span style=\"font-family: verdana, geneva, sans-serif;\">&#8211; Mirandiba;<\/span><\/p>\n<p style=\"text-align: justify;\"><span style=\"font-family: verdana, geneva, sans-serif;\">&#8211; Iati;<\/span><\/p>\n<p style=\"text-align: justify;\"><span style=\"font-family: verdana, geneva, sans-serif;\">&#8211; Bel\u00e9m do S\u00e3o Francisco;<\/span><\/p>\n<p style=\"text-align: justify;\"><span style=\"font-family: verdana, geneva, sans-serif;\">&#8211; Marari;<\/span><\/p>\n<p style=\"text-align: justify;\"><strong><span style=\"font-family: verdana, geneva, sans-serif;\">&#8211; Flores;<\/span><\/strong><\/p>\n<p style=\"text-align: justify;\"><span style=\"font-family: verdana, geneva, sans-serif;\">&#8211; Tacaratu;<\/span><\/p>\n<p style=\"text-align: justify;\"><span style=\"font-family: verdana, geneva, sans-serif;\">&#8211; Exu;<\/span><\/p>\n","protected":false},"excerpt":{"rendered":"<p>Nesta quarta-feira (27) Pernambuco registrou, de acordo com o balan&ccedil;o da Secretaria Estadual de Sa&uacute;de, 1.065 novos casos de coronav&iacute;rus. Agora, o Estado totaliza 29.919 diagn&oacute;sticos e 2.468 &oacute;bitos da doen&ccedil;a. Mesmo com n&uacute;meros alarmantes, ainda h&aacute; 20 munic&iacute;pios que n&atilde;o contabilizam nenhum caso da covid-19 no Estado. Esse fen&ocirc;meno foi estudado por pesquisadores do &#8230; <a title=\"Veja as 20 cidades de Pernambuco sem casos de Coronav\u00edrus; cinco est\u00e3o no Paje\u00fa\" class=\"read-more\" href=\"https:\/\/afogadosonline.com.br\/index.php\/2020\/05\/28\/veja-as-20-cidades-de-pernambuco-sem-casos-de-coronavirus-cinco-estao-no-pajeu\/\" aria-label=\"Read more about Veja as 20 cidades de Pernambuco sem casos de Coronav\u00edrus; cinco est\u00e3o no Paje\u00fa\">Ler mais<\/a><\/p>\n","protected":false},"author":2,"featured_media":0,"comment_status":"open","ping_status":"open","sticky":false,"template":"","format":"standard","meta":{"footnotes":""},"categories":[2],"tags":[],"class_list":["post-11655","post","type-post","status-publish","format-standard","hentry","category-uncategorised"],"_links":{"self":[{"href":"https:\/\/afogadosonline.com.br\/index.php\/wp-json\/wp\/v2\/posts\/11655"}],"collection":[{"href":"https:\/\/afogadosonline.com.br\/index.php\/wp-json\/wp\/v2\/posts"}],"about":[{"href":"https:\/\/afogadosonline.com.br\/index.php\/wp-json\/wp\/v2\/types\/post"}],"author":[{"embeddable":true,"href":"https:\/\/afogadosonline.com.br\/index.php\/wp-json\/wp\/v2\/users\/2"}],"replies":[{"embeddable":true,"href":"https:\/\/afogadosonline.com.br\/index.php\/wp-json\/wp\/v2\/comments?post=11655"}],"version-history":[{"count":1,"href":"https:\/\/afogadosonline.com.br\/index.php\/wp-json\/wp\/v2\/posts\/11655\/revisions"}],"predecessor-version":[{"id":11656,"href":"https:\/\/afogadosonline.com.br\/index.php\/wp-json\/wp\/v2\/posts\/11655\/revisions\/11656"}],"wp:attachment":[{"href":"https:\/\/afogadosonline.com.br\/index.php\/wp-json\/wp\/v2\/media?parent=11655"}],"wp:term":[{"taxonomy":"category","embeddable":true,"href":"https:\/\/afogadosonline.com.br\/index.php\/wp-json\/wp\/v2\/categories?post=11655"},{"taxonomy":"post_tag","embeddable":true,"href":"https:\/\/afogadosonline.com.br\/index.php\/wp-json\/wp\/v2\/tags?post=11655"}],"curies":[{"name":"wp","href":"https:\/\/api.w.org\/{rel}","templated":true}]}}