{"id":11369,"date":"2020-05-09T05:32:56","date_gmt":"2020-05-09T08:32:56","guid":{"rendered":"http:\/\/afogadosonline.com.br\/wp\/?p=11369"},"modified":"2020-05-08T21:36:11","modified_gmt":"2020-05-09T00:36:11","slug":"alcymar-monteiro-fara-live-neste-sabado-em-estudio-com-banda","status":"publish","type":"post","link":"https:\/\/afogadosonline.com.br\/index.php\/2020\/05\/09\/alcymar-monteiro-fara-live-neste-sabado-em-estudio-com-banda\/","title":{"rendered":"Alcymar Monteiro far\u00e1 live neste s\u00e1bado em est\u00fadio com banda"},"content":{"rendered":"<p><img fetchpriority=\"high\" decoding=\"async\" class=\"aligncenter\" src=\"https:\/\/www.ritmomelodia.mus.br\/wp-content\/uploads\/2018\/02\/alcymar-monteiro.jpg\" alt=\"Alcymar Monteiro o Rei do Forr\u00f3\" width=\"494\" height=\"278\" \/><\/p>\n<p style=\"text-align: justify;\"><span style=\"font-family: verdana, geneva, sans-serif;\">Alcymar Monteiro faz sua primeira live neste s\u00e1bado, a partir das 21h (no Youtube.com\/reidoforro e bit.ly\/alcymar). Adepto do show grandioso, o cantor cearense, de Ingazeira, radicado no Recife do in\u00edcio dos anos 80, n\u00e3o deixar\u00e1 por menos. Sua live ser\u00e1 realizada direto do est\u00fadio Premier, no Pina. Ele ser acompanhado por uma banda de nove m\u00fasicos, com ilumina\u00e7\u00e3o especial, uma live que s\u00f3 vira DVD, porque o cantor acredita que o formato est\u00e1 obsoleto: \u201co DVD est\u00e1 com os dias contados, daqui pra frente as lives v\u00e3o tomar conta do mercado, voc\u00ea vai fazer shows mais intimistas, conversar com as pessoas, contar a hist\u00f3ria das m\u00fasicas. Vou fazer com os m\u00fasicos que tocam comigo pra que fique mais pr\u00f3ximo da realidade do show, para dignificar o forr\u00f3 como m\u00fasica popular brasileira\u201d.<\/span><\/p>\n<p style=\"text-align: justify;\"><span style=\"font-family: verdana, geneva, sans-serif;\">Alcymar aproveita para estender a live ao Dia das M\u00e3es, cantando uma m\u00fasica eu faz parte das suas mem\u00f3rias afetivas, Flor Mam\u00e3e (Julio Lousada\/Jorge Gon\u00e7alves), lan\u00e7ada em 1962, pelo adolescente Jos\u00e9 Le\u00e3o: \u201cEsta foi a primeira m\u00fasica que cantei em p\u00fablico, no grupo Escolar Padre C\u00edcero, na Vila de Ingazeira, onde eu morava. Cantei em cima de uma mesa em homenagem a minha m\u00e3e Maria Fernandes Santos. Isto ficou tatuado na minha mente, \u00e9 o dia mais amoroso mais terno mais qualificativo que uma mulher pode receber dos seus filhos. Flor mam\u00e3e resume uma fase da minha vida. Olhando o meu passado revejo meus ontens mais antigos, e diante desta live posso ver meus amanh\u00e3s mais distantes\u201d, comenta com frase de feito.<\/span><\/p>\n","protected":false},"excerpt":{"rendered":"<p>Alcymar Monteiro faz sua primeira live neste s&aacute;bado, a partir das 21h (no Youtube.com\/reidoforro e bit.ly\/alcymar). Adepto do show grandioso, o cantor cearense, de Ingazeira, radicado no Recife do in&iacute;cio dos anos 80, n&atilde;o deixar&aacute; por menos. Sua live ser&aacute; realizada direto do est&uacute;dio Premier, no Pina. Ele ser acompanhado por uma banda de nove &#8230; <a title=\"Alcymar Monteiro far\u00e1 live neste s\u00e1bado em est\u00fadio com banda\" class=\"read-more\" href=\"https:\/\/afogadosonline.com.br\/index.php\/2020\/05\/09\/alcymar-monteiro-fara-live-neste-sabado-em-estudio-com-banda\/\" aria-label=\"Read more about Alcymar Monteiro far\u00e1 live neste s\u00e1bado em est\u00fadio com banda\">Ler mais<\/a><\/p>\n","protected":false},"author":2,"featured_media":0,"comment_status":"open","ping_status":"open","sticky":false,"template":"","format":"standard","meta":{"footnotes":""},"categories":[2],"tags":[],"class_list":["post-11369","post","type-post","status-publish","format-standard","hentry","category-uncategorised"],"_links":{"self":[{"href":"https:\/\/afogadosonline.com.br\/index.php\/wp-json\/wp\/v2\/posts\/11369"}],"collection":[{"href":"https:\/\/afogadosonline.com.br\/index.php\/wp-json\/wp\/v2\/posts"}],"about":[{"href":"https:\/\/afogadosonline.com.br\/index.php\/wp-json\/wp\/v2\/types\/post"}],"author":[{"embeddable":true,"href":"https:\/\/afogadosonline.com.br\/index.php\/wp-json\/wp\/v2\/users\/2"}],"replies":[{"embeddable":true,"href":"https:\/\/afogadosonline.com.br\/index.php\/wp-json\/wp\/v2\/comments?post=11369"}],"version-history":[{"count":1,"href":"https:\/\/afogadosonline.com.br\/index.php\/wp-json\/wp\/v2\/posts\/11369\/revisions"}],"predecessor-version":[{"id":11370,"href":"https:\/\/afogadosonline.com.br\/index.php\/wp-json\/wp\/v2\/posts\/11369\/revisions\/11370"}],"wp:attachment":[{"href":"https:\/\/afogadosonline.com.br\/index.php\/wp-json\/wp\/v2\/media?parent=11369"}],"wp:term":[{"taxonomy":"category","embeddable":true,"href":"https:\/\/afogadosonline.com.br\/index.php\/wp-json\/wp\/v2\/categories?post=11369"},{"taxonomy":"post_tag","embeddable":true,"href":"https:\/\/afogadosonline.com.br\/index.php\/wp-json\/wp\/v2\/tags?post=11369"}],"curies":[{"name":"wp","href":"https:\/\/api.w.org\/{rel}","templated":true}]}}