{"id":11365,"date":"2020-05-09T05:15:35","date_gmt":"2020-05-09T08:15:35","guid":{"rendered":"http:\/\/afogadosonline.com.br\/wp\/?p=11365"},"modified":"2020-05-08T21:18:18","modified_gmt":"2020-05-09T00:18:18","slug":"desmatamento-da-amazonia-aumenta-55-em-relacao-a-2019-e-bate-recorde","status":"publish","type":"post","link":"https:\/\/afogadosonline.com.br\/index.php\/2020\/05\/09\/desmatamento-da-amazonia-aumenta-55-em-relacao-a-2019-e-bate-recorde\/","title":{"rendered":"Desmatamento da Amaz\u00f4nia aumenta 55% em rela\u00e7\u00e3o a 2019 e bate recorde"},"content":{"rendered":"<p><img fetchpriority=\"high\" decoding=\"async\" class=\"aligncenter\" src=\"https:\/\/ogimg.infoglobo.com.br\/in\/23693092-ba1-019\/FT1086A\/652\/xdesmatamento.jpg.pagespeed.ic.OiharEdpLk.jpg\" alt=\"Desmatamento na Amaz\u00f4nia avan\u00e7a 20% entre agosto de 2018 e abril ...\" width=\"497\" height=\"298\" \/><\/p>\n<p style=\"text-align: justify;\"><span style=\"font-family: verdana, geneva, sans-serif;\">O desmatamento na Amaz\u00f4nia brasileira atingiu um novo recorde nos primeiros quatro meses do ano, de acordo com dados oficiais divulgados hoje, que revelam uma tend\u00eancia preocupante ap\u00f3s os inc\u00eandios que proliferaram na regi\u00e3o em 2019.<\/span><\/p>\n<p style=\"text-align: justify;\"><span style=\"font-family: verdana, geneva, sans-serif;\">Entre janeiro e abril, 1.202 quil\u00f4metros quadrados de floresta foram devastados, segundo dados baseados em imagens de sat\u00e9lite do Instituto Brasileiro de Pesquisas Espaciais (INPE), \u00f3rg\u00e3o do governo.<\/span><\/p>\n<p style=\"text-align: justify;\"><span style=\"font-family: verdana, geneva, sans-serif;\">Grupos ind\u00edgenas da Amaz\u00f4nia criam fundo internacional para combater coronav\u00edrus<\/span><br \/>\n<span style=\"font-family: verdana, geneva, sans-serif;\">Isso significa um aumento de 55% em rela\u00e7\u00e3o ao mesmo per\u00edodo do ano passado e \u00e9 o n\u00famero mais alto para o per\u00edodo de janeiro a abril desde 2016, quando as medi\u00e7\u00f5es foram iniciadas.<\/span><\/p>\n<p style=\"text-align: justify;\"><span style=\"font-family: verdana, geneva, sans-serif;\">Esses dados novamente questionam a pol\u00edtica do presidente Jair Bolsonaro (sem partido) em rela\u00e7\u00e3o \u00e0 prote\u00e7\u00e3o da maior floresta do planeta, cuja maior parte (60%) est\u00e1 localizada no Brasil.<\/span><\/p>\n<p style=\"text-align: justify;\"><span style=\"font-family: verdana, geneva, sans-serif;\">C\u00e9tico em rela\u00e7\u00e3o \u00e0s mudan\u00e7as clim\u00e1ticas, Bolsonaro foi criticado pela comunidade internacional por minimizar os inc\u00eandios que atingiram a regi\u00e3o entre maio e outubro.<\/span><\/p>\n<p style=\"text-align: justify;\"><span style=\"font-family: verdana, geneva, sans-serif;\">Somente em 2019, os inc\u00eandios contribu\u00edram para a destrui\u00e7\u00e3o de 10.123 quil\u00f4metros quadrados de floresta na Amaz\u00f4nia brasileira, ultrapassando a marca de 10 mil quil\u00f4metros quadrados pela primeira vez desde 2008.<\/span><\/p>\n<p style=\"text-align: justify;\"><span style=\"font-family: verdana, geneva, sans-serif;\">A tend\u00eancia para 2020 \u00e9 ainda mais preocupante porque o per\u00edodo de inc\u00eandios come\u00e7a em maio, com o in\u00edcio da esta\u00e7\u00e3o seca.<\/span><\/p>\n<p style=\"text-align: justify;\"><span style=\"font-family: verdana, geneva, sans-serif;\">O desmatamento \u00e9 causado em grande parte por madeireiros ilegais al\u00e9m da minera\u00e7\u00e3o e agricultura em \u00e1reas protegidas. Depois de derrubar as \u00e1rvores, os invasores usam o fogo para limpar a \u00e1rea.<\/span><\/p>\n","protected":false},"excerpt":{"rendered":"<p>O desmatamento na Amaz&ocirc;nia brasileira atingiu um novo recorde nos primeiros quatro meses do ano, de acordo com dados oficiais divulgados hoje, que revelam uma tend&ecirc;ncia preocupante ap&oacute;s os inc&ecirc;ndios que proliferaram na regi&atilde;o em 2019. Entre janeiro e abril, 1.202 quil&ocirc;metros quadrados de floresta foram devastados, segundo dados baseados em imagens de sat&eacute;lite do &#8230; <a title=\"Desmatamento da Amaz\u00f4nia aumenta 55% em rela\u00e7\u00e3o a 2019 e bate recorde\" class=\"read-more\" href=\"https:\/\/afogadosonline.com.br\/index.php\/2020\/05\/09\/desmatamento-da-amazonia-aumenta-55-em-relacao-a-2019-e-bate-recorde\/\" aria-label=\"Read more about Desmatamento da Amaz\u00f4nia aumenta 55% em rela\u00e7\u00e3o a 2019 e bate recorde\">Ler mais<\/a><\/p>\n","protected":false},"author":2,"featured_media":0,"comment_status":"open","ping_status":"open","sticky":false,"template":"","format":"standard","meta":{"footnotes":""},"categories":[2],"tags":[],"class_list":["post-11365","post","type-post","status-publish","format-standard","hentry","category-uncategorised"],"_links":{"self":[{"href":"https:\/\/afogadosonline.com.br\/index.php\/wp-json\/wp\/v2\/posts\/11365"}],"collection":[{"href":"https:\/\/afogadosonline.com.br\/index.php\/wp-json\/wp\/v2\/posts"}],"about":[{"href":"https:\/\/afogadosonline.com.br\/index.php\/wp-json\/wp\/v2\/types\/post"}],"author":[{"embeddable":true,"href":"https:\/\/afogadosonline.com.br\/index.php\/wp-json\/wp\/v2\/users\/2"}],"replies":[{"embeddable":true,"href":"https:\/\/afogadosonline.com.br\/index.php\/wp-json\/wp\/v2\/comments?post=11365"}],"version-history":[{"count":1,"href":"https:\/\/afogadosonline.com.br\/index.php\/wp-json\/wp\/v2\/posts\/11365\/revisions"}],"predecessor-version":[{"id":11366,"href":"https:\/\/afogadosonline.com.br\/index.php\/wp-json\/wp\/v2\/posts\/11365\/revisions\/11366"}],"wp:attachment":[{"href":"https:\/\/afogadosonline.com.br\/index.php\/wp-json\/wp\/v2\/media?parent=11365"}],"wp:term":[{"taxonomy":"category","embeddable":true,"href":"https:\/\/afogadosonline.com.br\/index.php\/wp-json\/wp\/v2\/categories?post=11365"},{"taxonomy":"post_tag","embeddable":true,"href":"https:\/\/afogadosonline.com.br\/index.php\/wp-json\/wp\/v2\/tags?post=11365"}],"curies":[{"name":"wp","href":"https:\/\/api.w.org\/{rel}","templated":true}]}}