{"id":11363,"date":"2020-05-09T04:07:10","date_gmt":"2020-05-09T07:07:10","guid":{"rendered":"http:\/\/afogadosonline.com.br\/wp\/?p=11363"},"modified":"2020-05-08T21:13:30","modified_gmt":"2020-05-09T00:13:30","slug":"stf-mantem-suspensao-de-posse-de-ramagem-no-comando-da-policia-federal","status":"publish","type":"post","link":"https:\/\/afogadosonline.com.br\/index.php\/2020\/05\/09\/stf-mantem-suspensao-de-posse-de-ramagem-no-comando-da-policia-federal\/","title":{"rendered":"STF mant\u00e9m suspens\u00e3o de posse de Ramagem no comando da Pol\u00edcia Federal"},"content":{"rendered":"<p><img fetchpriority=\"high\" decoding=\"async\" class=\"aligncenter\" src=\"https:\/\/img.r7.com\/images\/ministro-alexandre-de-moraes-stf-07042020164704386?dimensions=660x360\" alt=\"Alexandre de Moraes rejeita pedido para reconsiderar Ramagem na PF ...\" width=\"497\" height=\"271\" \/><\/p>\n<p style=\"text-align: justify;\"><span style=\"font-family: verdana, geneva, sans-serif;\">O ministro do Supremo Tribunal Federal (STF) Alexandre de Moraes manteve na tarde de hoje a suspens\u00e3o de posse de Alexandre Ramagem como diretor-geral da Pol\u00edcia Federal. O pedido para que reconsiderasse a decis\u00e3o anterior foi feito pela AGU (Advocacia-Geral da Uni\u00e3o).<\/span><\/p>\n<p style=\"text-align: justify;\"><span style=\"font-family: verdana, geneva, sans-serif;\">Na nova decis\u00e3o, Moraes n\u00e3o chegou a analisar o teor em si do recurso e julgou &#8220;prejudicado&#8221; o mandado de seguran\u00e7a. A alega\u00e7\u00e3o dele \u00e9 que, como o governo desistiu da nomea\u00e7\u00e3o de Ramagem, o pedido perdeu o objeto.<\/span><\/p>\n<p style=\"text-align: justify;\"><span style=\"font-family: verdana, geneva, sans-serif;\">A AGU argumentava que a a\u00e7\u00e3o n\u00e3o havia perdido seu objeto, apesar de Bolsonaro ter tornado a nomea\u00e7\u00e3o sem efeito ap\u00f3s a decis\u00e3o de Moraes e de ter nomeado posteriormente Rolando Alexandre de Souza para o comando da PF.<\/span><\/p>\n<p style=\"text-align: justify;\"><span style=\"font-family: verdana, geneva, sans-serif;\">&#8220;O presente mandado de seguran\u00e7a, portanto, est\u00e1 prejudicado em virtude da edi\u00e7\u00e3o de novo decreto presidencial tornando sem efeito a nomea\u00e7\u00e3o impugnada, devendo ser extinto por perda superveniente do objeto diante da insubsist\u00eancia do ato coator, conforme pac\u00edfico entendimento dessa Suprema Corte&#8221;, escreveu Moraes.<\/span><\/p>\n<p style=\"text-align: justify;\"><span style=\"font-family: verdana, geneva, sans-serif;\">O l\u00edder do governo na C\u00e2mara, Major Vitor Hugo, minimizou a nova decis\u00e3o de Moraes, mas defendeu a ideia de que algumas decis\u00f5es n\u00e3o podem ser tomadas de forma monocr\u00e1tica.<\/span><\/p>\n","protected":false},"excerpt":{"rendered":"<p>O ministro do Supremo Tribunal Federal (STF) Alexandre de Moraes manteve na tarde de hoje a suspens&atilde;o de posse de Alexandre Ramagem como diretor-geral da Pol&iacute;cia Federal. O pedido para que reconsiderasse a decis&atilde;o anterior foi feito pela AGU (Advocacia-Geral da Uni&atilde;o). Na nova decis&atilde;o, Moraes n&atilde;o chegou a analisar o teor em si do &#8230; <a title=\"STF mant\u00e9m suspens\u00e3o de posse de Ramagem no comando da Pol\u00edcia Federal\" class=\"read-more\" href=\"https:\/\/afogadosonline.com.br\/index.php\/2020\/05\/09\/stf-mantem-suspensao-de-posse-de-ramagem-no-comando-da-policia-federal\/\" aria-label=\"Read more about STF mant\u00e9m suspens\u00e3o de posse de Ramagem no comando da Pol\u00edcia Federal\">Ler mais<\/a><\/p>\n","protected":false},"author":2,"featured_media":0,"comment_status":"open","ping_status":"open","sticky":false,"template":"","format":"standard","meta":{"footnotes":""},"categories":[2],"tags":[],"class_list":["post-11363","post","type-post","status-publish","format-standard","hentry","category-uncategorised"],"_links":{"self":[{"href":"https:\/\/afogadosonline.com.br\/index.php\/wp-json\/wp\/v2\/posts\/11363"}],"collection":[{"href":"https:\/\/afogadosonline.com.br\/index.php\/wp-json\/wp\/v2\/posts"}],"about":[{"href":"https:\/\/afogadosonline.com.br\/index.php\/wp-json\/wp\/v2\/types\/post"}],"author":[{"embeddable":true,"href":"https:\/\/afogadosonline.com.br\/index.php\/wp-json\/wp\/v2\/users\/2"}],"replies":[{"embeddable":true,"href":"https:\/\/afogadosonline.com.br\/index.php\/wp-json\/wp\/v2\/comments?post=11363"}],"version-history":[{"count":1,"href":"https:\/\/afogadosonline.com.br\/index.php\/wp-json\/wp\/v2\/posts\/11363\/revisions"}],"predecessor-version":[{"id":11364,"href":"https:\/\/afogadosonline.com.br\/index.php\/wp-json\/wp\/v2\/posts\/11363\/revisions\/11364"}],"wp:attachment":[{"href":"https:\/\/afogadosonline.com.br\/index.php\/wp-json\/wp\/v2\/media?parent=11363"}],"wp:term":[{"taxonomy":"category","embeddable":true,"href":"https:\/\/afogadosonline.com.br\/index.php\/wp-json\/wp\/v2\/categories?post=11363"},{"taxonomy":"post_tag","embeddable":true,"href":"https:\/\/afogadosonline.com.br\/index.php\/wp-json\/wp\/v2\/tags?post=11363"}],"curies":[{"name":"wp","href":"https:\/\/api.w.org\/{rel}","templated":true}]}}